{"id":5968,"date":"2021-05-10T13:55:16","date_gmt":"2021-05-10T10:55:16","guid":{"rendered":"http:\/\/85.122.19.109\/?p=5968"},"modified":"2021-05-26T21:50:06","modified_gmt":"2021-05-26T18:50:06","slug":"sustinere-referat-i-frunzete-madalina-elena","status":"publish","type":"post","link":"https:\/\/www.bio.uaic.ro\/?p=5968","title":{"rendered":"Sus\u021binere referat I &#8211; Frunzete M\u0103d\u0103lina-Elena &#8211; 14.05.2021"},"content":{"rendered":"\n<p><strong>Vineri 14 mai 2021<\/strong>, \u00eencep\u00e2nd cu orele <strong>11:<sup>00<\/sup><\/strong>, drd. Frunzete M\u0103d\u0103lina &#8211; Elena va sus\u0163ine (on-site) \u00een sala b-460, referatul I din cadrul programului de cercetare \u015ftiin\u0163ific\u0103. <a href=\"http:\/\/cercetare.bio.uaic.ro\/doctorat\/referate\/2021\/FRUNZETE%20MADALINA%20ELENA%20-%20anunt%20SUSTINERE%20REFERAT%20DOCTORAT%20(1).pdf\" class=\"mtli_attachment mtli_pdf\" target=\"_blank\" aria-label=\"Detali... (opens in a new tab)\" rel=\"noreferrer noopener\" class=\"ek-link\">Detali&#8230;<\/a><\/p>\n\n\n\n<p><strong>Titlul referatului I: <\/strong>\u201eTaxoni ai genurilor <em>Taxus <\/em>L. (Familia Taxaceae) \u015fi<em> Thuja<\/em> L. (Familia Cupresaceae): aspecte de ordin taxonomic \u015fi morfo-structural\u201d.<\/p>\n\n\n\n<p><strong>Coordonator \u015ftiin\u0163ific: <\/strong>Prof. univ. dr. Maria-Magdalena Zamfirache.<\/p>\n","protected":false},"excerpt":{"rendered":"<p>Vineri 14 mai 2021, \u00eencep\u00e2nd cu orele 11:00, drd. Frunzete M\u0103d\u0103lina &#8211; Elena va sus\u0163ine (on-site) \u00een sala b-460, referatul I din cadrul programului de cercetare \u015ftiin\u0163ific\u0103. Detali&#8230; Titlul referatului I: \u201eTaxoni ai genurilor Taxus L. (Familia Taxaceae) \u015fi Thuja L. (Familia Cupresaceae): aspecte de ordin taxonomic \u015fi morfo-structural\u201d. Coordonator \u015ftiin\u0163ific: Prof. univ. dr. Maria-Magdalena&hellip; <br \/> <a class=\"read-more\" href=\"https:\/\/www.bio.uaic.ro\/?p=5968\">Cite\u0219te mai mult<\/a><\/p>\n","protected":false},"author":1,"featured_media":6118,"comment_status":"closed","ping_status":"closed","sticky":false,"template":"","format":"standard","meta":{"_editorskit_title_hidden":false,"_editorskit_reading_time":1,"_editorskit_is_block_options_detached":false,"_editorskit_block_options_position":"{}","_editorskit_typography_data":[],"_editorskit_blocks_typography":"","_uag_custom_page_level_css":"","footnotes":""},"categories":[7,24,23],"tags":[],"class_list":["post-5968","post","type-post","status-publish","format-standard","has-post-thumbnail","hentry","category-anunturi-importante","category-categorie-toate-anunturile","category-anunturi-sc-doc"],"featured_image_src":"https:\/\/www.bio.uaic.ro\/wp-content\/uploads\/2021\/05\/scdoc.jpg","author_info":{"display_name":"admin","author_link":"https:\/\/www.bio.uaic.ro\/?author=1"},"uagb_featured_image_src":{"full":["https:\/\/www.bio.uaic.ro\/wp-content\/uploads\/2021\/05\/scdoc.jpg",1280,853,false],"thumbnail":["https:\/\/www.bio.uaic.ro\/wp-content\/uploads\/2021\/05\/scdoc-150x150.jpg",150,150,true],"medium":["https:\/\/www.bio.uaic.ro\/wp-content\/uploads\/2021\/05\/scdoc-300x200.jpg",300,200,true],"medium_large":["https:\/\/www.bio.uaic.ro\/wp-content\/uploads\/2021\/05\/scdoc-768x512.jpg",768,512,true],"large":["https:\/\/www.bio.uaic.ro\/wp-content\/uploads\/2021\/05\/scdoc-1024x682.jpg",1024,682,true],"1536x1536":["https:\/\/www.bio.uaic.ro\/wp-content\/uploads\/2021\/05\/scdoc.jpg",1280,853,false],"2048x2048":["https:\/\/www.bio.uaic.ro\/wp-content\/uploads\/2021\/05\/scdoc.jpg",1280,853,false],"post-thumbnail":["https:\/\/www.bio.uaic.ro\/wp-content\/uploads\/2021\/05\/scdoc-1024x682.jpg",1024,682,true],"mesmerize-full-hd":["https:\/\/www.bio.uaic.ro\/wp-content\/uploads\/2021\/05\/scdoc.jpg",1280,853,false]},"uagb_author_info":{"display_name":"admin","author_link":"https:\/\/www.bio.uaic.ro\/?author=1"},"uagb_comment_info":0,"uagb_excerpt":"Vineri 14 mai 2021, \u00eencep\u00e2nd cu orele 11:00, drd. Frunzete M\u0103d\u0103lina &#8211; Elena va sus\u0163ine (on-site) \u00een sala b-460, referatul I din cadrul programului de cercetare \u015ftiin\u0163ific\u0103. Detali&#8230; Titlul referatului I: \u201eTaxoni ai genurilor Taxus L. (Familia Taxaceae) \u015fi Thuja L. (Familia Cupresaceae): aspecte de ordin taxonomic \u015fi morfo-structural\u201d. Coordonator \u015ftiin\u0163ific: Prof. univ. dr. Maria-Magdalena&hellip;&hellip;","_links":{"self":[{"href":"https:\/\/www.bio.uaic.ro\/index.php?rest_route=\/wp\/v2\/posts\/5968","targetHints":{"allow":["GET"]}}],"collection":[{"href":"https:\/\/www.bio.uaic.ro\/index.php?rest_route=\/wp\/v2\/posts"}],"about":[{"href":"https:\/\/www.bio.uaic.ro\/index.php?rest_route=\/wp\/v2\/types\/post"}],"author":[{"embeddable":true,"href":"https:\/\/www.bio.uaic.ro\/index.php?rest_route=\/wp\/v2\/users\/1"}],"replies":[{"embeddable":true,"href":"https:\/\/www.bio.uaic.ro\/index.php?rest_route=%2Fwp%2Fv2%2Fcomments&post=5968"}],"version-history":[{"count":7,"href":"https:\/\/www.bio.uaic.ro\/index.php?rest_route=\/wp\/v2\/posts\/5968\/revisions"}],"predecessor-version":[{"id":6460,"href":"https:\/\/www.bio.uaic.ro\/index.php?rest_route=\/wp\/v2\/posts\/5968\/revisions\/6460"}],"wp:featuredmedia":[{"embeddable":true,"href":"https:\/\/www.bio.uaic.ro\/index.php?rest_route=\/wp\/v2\/media\/6118"}],"wp:attachment":[{"href":"https:\/\/www.bio.uaic.ro\/index.php?rest_route=%2Fwp%2Fv2%2Fmedia&parent=5968"}],"wp:term":[{"taxonomy":"category","embeddable":true,"href":"https:\/\/www.bio.uaic.ro\/index.php?rest_route=%2Fwp%2Fv2%2Fcategories&post=5968"},{"taxonomy":"post_tag","embeddable":true,"href":"https:\/\/www.bio.uaic.ro\/index.php?rest_route=%2Fwp%2Fv2%2Ftags&post=5968"}],"curies":[{"name":"wp","href":"https:\/\/api.w.org\/{rel}","templated":true}]}}