{"id":26465,"date":"2026-09-04T15:45:43","date_gmt":"2026-09-04T12:45:43","guid":{"rendered":"https:\/\/www.bio.uaic.ro\/?p=26465"},"modified":"2026-09-04T15:45:44","modified_gmt":"2026-09-04T12:45:44","slug":"programul-de-formare-psihopedagogica-licenta-si-master","status":"publish","type":"post","link":"https:\/\/www.bio.uaic.ro\/?p=26465","title":{"rendered":"Programul de formare psihopedagogic\u0103 &#8211; Licen\u021b\u0103 \u0219i Master"},"content":{"rendered":"\n<p class=\"wp-block-paragraph\">\u00cen cazul \u00een care vrei s\u0103 urmezi o carier\u0103 didactic\u0103 este necesar s\u0103 te \u00eenscrii,\u00a0<strong>p\u00e2n\u0103 pe 12 septembrie,<\/strong>\u00a0\u00een paralel cu studiile de licen\u021b\u0103 sau master, la<strong> Programul de formare psihopedagogic\u0103<\/strong>\u00a0\u00een regim universitar.<\/p>\n\n\n\n<p class=\"wp-block-paragraph\">Acest\u00a0<strong>program facultativ<\/strong>\u00a0este organizat de\u00a0<strong>Departamentul pentru Preg\u0103tirea Personalului Didactic<\/strong>, structur\u0103 academic\u0103 a Facult\u0103\u021bii de Psihologie \u0219i \u0218tiin\u021be ale Educa\u021biei din cadrul Universit\u0103\u021bii \u201eAlexandru Ioan Cuza\u201d din Ia\u0219i, care asigur\u0103 certificarea competen\u021belor pentru profesia didactic\u0103 \u00een domeniul studiilor.<\/p>\n\n\n\n<p class=\"wp-block-paragraph\">Pentru mai multe detalii privind \u00eenscrierea,\u00a0<strong>accesa\u021bi linkurile<\/strong><strong>:\u00a0<\/strong><\/p>\n\n\n\n<p class=\"wp-block-paragraph\"><a href=\"https:\/\/www.psih.uaic.ro\/admitere\/dppd\/nivelul-1-in-regim-universitar\/\">https:\/\/www.psih.uaic.ro\/admitere\/dppd\/nivelul-1-in-regim-universitar\/<\/a><\/p>\n\n\n\n<p class=\"wp-block-paragraph\"><a href=\"https:\/\/www.psih.uaic.ro\/admitere\/dppd\/nivelul-2-in-regim-universitar\/\">https:\/\/www.psih.uaic.ro\/admitere\/dppd\/nivelul-2-in-regim-universitar\/<\/a><\/p>\n\n\n\n<p class=\"wp-block-paragraph\"><\/p>\n","protected":false},"excerpt":{"rendered":"<p>\u00cen cazul \u00een care vrei s\u0103 urmezi o carier\u0103 didactic\u0103 este necesar s\u0103 te \u00eenscrii,\u00a0p\u00e2n\u0103 pe 12 septembrie,\u00a0\u00een paralel cu studiile de licen\u021b\u0103 sau master, la Programul de formare psihopedagogic\u0103\u00a0\u00een regim universitar. Acest\u00a0program facultativ\u00a0este organizat de\u00a0Departamentul pentru Preg\u0103tirea Personalului Didactic, structur\u0103 academic\u0103 a Facult\u0103\u021bii de Psihologie \u0219i \u0218tiin\u021be ale Educa\u021biei din cadrul Universit\u0103\u021bii \u201eAlexandru Ioan&hellip; <br \/> <a class=\"read-more\" href=\"https:\/\/www.bio.uaic.ro\/?p=26465\">Cite\u0219te mai mult<\/a><\/p>\n","protected":false},"author":1,"featured_media":26466,"comment_status":"closed","ping_status":"closed","sticky":false,"template":"","format":"standard","meta":{"_editorskit_title_hidden":false,"_editorskit_reading_time":0,"_editorskit_is_block_options_detached":false,"_editorskit_block_options_position":"{}","_editorskit_typography_data":[],"_editorskit_blocks_typography":"","_uag_custom_page_level_css":"","footnotes":""},"categories":[7],"tags":[],"class_list":["post-26465","post","type-post","status-publish","format-standard","has-post-thumbnail","hentry","category-anunturi-importante"],"featured_image_src":"https:\/\/www.bio.uaic.ro\/wp-content\/uploads\/2026\/09\/Afis-promovare-Modul-Psihopedagogic.jpg","author_info":{"display_name":"admin","author_link":"https:\/\/www.bio.uaic.ro\/?author=1"},"uagb_featured_image_src":{"full":["https:\/\/www.bio.uaic.ro\/wp-content\/uploads\/2026\/09\/Afis-promovare-Modul-Psihopedagogic.jpg",1414,2000,false],"thumbnail":["https:\/\/www.bio.uaic.ro\/wp-content\/uploads\/2026\/09\/Afis-promovare-Modul-Psihopedagogic-150x150.jpg",150,150,true],"medium":["https:\/\/www.bio.uaic.ro\/wp-content\/uploads\/2026\/09\/Afis-promovare-Modul-Psihopedagogic-212x300.jpg",212,300,true],"medium_large":["https:\/\/www.bio.uaic.ro\/wp-content\/uploads\/2026\/09\/Afis-promovare-Modul-Psihopedagogic-768x1086.jpg",768,1086,true],"large":["https:\/\/www.bio.uaic.ro\/wp-content\/uploads\/2026\/09\/Afis-promovare-Modul-Psihopedagogic-724x1024.jpg",724,1024,true],"1536x1536":["https:\/\/www.bio.uaic.ro\/wp-content\/uploads\/2026\/09\/Afis-promovare-Modul-Psihopedagogic-1086x1536.jpg",1086,1536,true],"2048x2048":["https:\/\/www.bio.uaic.ro\/wp-content\/uploads\/2026\/09\/Afis-promovare-Modul-Psihopedagogic.jpg",1414,2000,false],"post-thumbnail":["https:\/\/www.bio.uaic.ro\/wp-content\/uploads\/2026\/09\/Afis-promovare-Modul-Psihopedagogic-1024x1448.jpg",1024,1448,true],"mesmerize-full-hd":["https:\/\/www.bio.uaic.ro\/wp-content\/uploads\/2026\/09\/Afis-promovare-Modul-Psihopedagogic-764x1080.jpg",764,1080,true]},"uagb_author_info":{"display_name":"admin","author_link":"https:\/\/www.bio.uaic.ro\/?author=1"},"uagb_comment_info":0,"uagb_excerpt":"\u00cen cazul \u00een care vrei s\u0103 urmezi o carier\u0103 didactic\u0103 este necesar s\u0103 te \u00eenscrii,\u00a0p\u00e2n\u0103 pe 12 septembrie,\u00a0\u00een paralel cu studiile de licen\u021b\u0103 sau master, la Programul de formare psihopedagogic\u0103\u00a0\u00een regim universitar. Acest\u00a0program facultativ\u00a0este organizat de\u00a0Departamentul pentru Preg\u0103tirea Personalului Didactic, structur\u0103 academic\u0103 a Facult\u0103\u021bii de Psihologie \u0219i \u0218tiin\u021be ale Educa\u021biei din cadrul Universit\u0103\u021bii \u201eAlexandru Ioan&hellip;&hellip;","_links":{"self":[{"href":"https:\/\/www.bio.uaic.ro\/index.php?rest_route=\/wp\/v2\/posts\/26465","targetHints":{"allow":["GET"]}}],"collection":[{"href":"https:\/\/www.bio.uaic.ro\/index.php?rest_route=\/wp\/v2\/posts"}],"about":[{"href":"https:\/\/www.bio.uaic.ro\/index.php?rest_route=\/wp\/v2\/types\/post"}],"author":[{"embeddable":true,"href":"https:\/\/www.bio.uaic.ro\/index.php?rest_route=\/wp\/v2\/users\/1"}],"replies":[{"embeddable":true,"href":"https:\/\/www.bio.uaic.ro\/index.php?rest_route=%2Fwp%2Fv2%2Fcomments&post=26465"}],"version-history":[{"count":1,"href":"https:\/\/www.bio.uaic.ro\/index.php?rest_route=\/wp\/v2\/posts\/26465\/revisions"}],"predecessor-version":[{"id":26467,"href":"https:\/\/www.bio.uaic.ro\/index.php?rest_route=\/wp\/v2\/posts\/26465\/revisions\/26467"}],"wp:featuredmedia":[{"embeddable":true,"href":"https:\/\/www.bio.uaic.ro\/index.php?rest_route=\/wp\/v2\/media\/26466"}],"wp:attachment":[{"href":"https:\/\/www.bio.uaic.ro\/index.php?rest_route=%2Fwp%2Fv2%2Fmedia&parent=26465"}],"wp:term":[{"taxonomy":"category","embeddable":true,"href":"https:\/\/www.bio.uaic.ro\/index.php?rest_route=%2Fwp%2Fv2%2Fcategories&post=26465"},{"taxonomy":"post_tag","embeddable":true,"href":"https:\/\/www.bio.uaic.ro\/index.php?rest_route=%2Fwp%2Fv2%2Ftags&post=26465"}],"curies":[{"name":"wp","href":"https:\/\/api.w.org\/{rel}","templated":true}]}}