{"id":24700,"date":"2026-03-12T13:03:13","date_gmt":"2026-03-12T11:03:13","guid":{"rendered":"https:\/\/www.bio.uaic.ro\/?p=24700"},"modified":"2026-04-22T09:58:21","modified_gmt":"2026-04-22T06:58:21","slug":"limba-franceza-atuul-dumneavoastra-profesional","status":"publish","type":"post","link":"https:\/\/www.bio.uaic.ro\/?p=24700","title":{"rendered":"\u201eLimba francez\u0103, atuul dumneavoastr\u0103 profesional\u201d"},"content":{"rendered":"\n<p>\ud83c\uddeb\ud83c\uddf7 \u201eLimba francez\u0103, atuul dumneavoastr\u0103 profesional\u201d<\/p>\n\n\n<h3 class=\"wp-block-heading has-ek-typography\" style=\"\"><strong>Oportunit\u0103\u021bi de studii \u0219i carier\u0103 \u00een cadrul Lunii Francofoniei<\/strong><\/h3>\n\n<hr class=\"wp-block-separator has-alpha-channel-opacity has-ek-typography\" style=\"\">\n\n\n<h4 class=\"wp-block-heading\"><strong>\ud83d\udcc5 Detalii Eveniment<\/strong><\/h4>\n\n\n\n<p>O \u00eent\u00e2lnire esen\u021bial\u0103 pentru studen\u021bii care doresc s\u0103 descopere avantajele competitive ale cunoa\u0219terii limbii franceze.<\/p>\n\n\n<figure class=\"wp-block-table has-ek-typography\" style=\"\"><table class=\"has-fixed-layout\"><thead><tr><td><strong>Info<\/strong><\/td><td><strong>Detalii<\/strong><\/td><\/tr><\/thead><tbody><tr><td><strong>\ud83d\uddd3\ufe0f Data<\/strong><\/td><td>Mar\u021bi, <strong>17 martie 2026<\/strong><\/td><\/tr><tr><td><strong>\ud83d\udd52 Ora<\/strong><\/td><td><strong>14:00<\/strong><\/td><\/tr><tr><td><strong>\ud83d\udccd Loca\u021bie<\/strong><\/td><td><strong>Institutul Francez din Rom\u00e2nia, Ia\u0219i<\/strong> (Palatul Braunstein, etajul 1)<\/td><\/tr><tr><td><strong>\ud83c\udff7\ufe0f Context<\/strong><\/td><td>Caravana studiilor \u0219i carierelor francofone<\/td><\/tr><\/tbody><\/table><\/figure>\n\n\n<hr class=\"wp-block-separator has-alpha-channel-opacity\"\/>\n\n\n\n<h4 class=\"wp-block-heading\"><strong>\ud83d\udca1 Ce vei descoperi la eveniment?<\/strong><\/h4>\n\n\n\n<p>\u00cent\u00e2lnirea este conceput\u0103 ca un spa\u021biu de dialog \u00eentre studen\u021bi, speciali\u0219ti \u0219i angajatori:<\/p>\n\n\n<ul class=\"wp-block-list has-ek-typography\" style=\"\"><li class=\" has-ek-typography\" style=\"\">\ud83c\udf93 <strong>Educa\u021bie:<\/strong> Prezentarea avantajelor \u0219i oportunit\u0103\u021bilor de studiu \u00een Fran\u021ba.<\/li>\n\n\n<li>\ud83d\udde3\ufe0f <strong>M\u0103rturii directe:<\/strong> Experien\u021bele fo\u0219tilor bursieri \u0219i ale studen\u021bilor care \u00eenva\u021b\u0103 limba francez\u0103.<\/li>\n\n\n\n<li>\ud83d\udcbc <strong>Carier\u0103:<\/strong> Interac\u021biune cu angajatori din Ia\u0219i care caut\u0103 vorbitori de limba francez\u0103.<\/li>\n\n\n\n<li>\u2728 <strong>Succes profesional:<\/strong> Cum poate limba francez\u0103 s\u0103 devin\u0103 un diferen\u021biator real \u00een CV-ul t\u0103u.<\/li>\n<\/ul>\n\n\n<hr class=\"wp-block-separator has-alpha-channel-opacity\"\/>\n\n\n\n<h4 class=\"wp-block-heading\"><strong>\ud83c\udf0d Cine particip\u0103?<\/strong><\/h4>\n\n\n\n<p>Studen\u021bi \u0219i fo\u0219ti bursieri \u00een Fran\u021ba.<\/p>\n\n\n\n<p>Reprezentan\u021bi ai Institutului Francez.<\/p>\n\n\n\n<p>Angajatori de profil din regiunea Ia\u0219i.<\/p>\n","protected":false},"excerpt":{"rendered":"<p>\ud83c\uddeb\ud83c\uddf7 \u201eLimba francez\u0103, atuul dumneavoastr\u0103 profesional\u201d Oportunit\u0103\u021bi de studii \u0219i carier\u0103 \u00een cadrul Lunii Francofoniei \ud83d\udcc5 Detalii Eveniment O \u00eent\u00e2lnire esen\u021bial\u0103 pentru studen\u021bii care doresc s\u0103 descopere avantajele competitive ale cunoa\u0219terii limbii franceze. Info Detalii \ud83d\uddd3\ufe0f Data Mar\u021bi, 17 martie 2026 \ud83d\udd52 Ora 14:00 \ud83d\udccd Loca\u021bie Institutul Francez din Rom\u00e2nia, Ia\u0219i (Palatul Braunstein, etajul 1)&hellip; <br \/> <a class=\"read-more\" href=\"https:\/\/www.bio.uaic.ro\/?p=24700\">Cite\u0219te mai mult<\/a><\/p>\n","protected":false},"author":1,"featured_media":24702,"comment_status":"closed","ping_status":"closed","sticky":false,"template":"","format":"standard","meta":{"_editorskit_title_hidden":false,"_editorskit_reading_time":0,"_editorskit_is_block_options_detached":false,"_editorskit_block_options_position":"{}","_editorskit_typography_data":[],"_editorskit_blocks_typography":"","_uag_custom_page_level_css":"","footnotes":""},"categories":[7,18,24,17],"tags":[],"class_list":["post-24700","post","type-post","status-publish","format-standard","has-post-thumbnail","hentry","category-anunturi-importante","category-anunturi-evenimente","category-categorie-toate-anunturile","category-anunturi-studenti"],"featured_image_src":"https:\/\/www.bio.uaic.ro\/wp-content\/uploads\/2026\/03\/1790f23e-8580-432c-9352-a186e183dce2-1.jpg","author_info":{"display_name":"admin","author_link":"https:\/\/www.bio.uaic.ro\/?author=1"},"uagb_featured_image_src":{"full":["https:\/\/www.bio.uaic.ro\/wp-content\/uploads\/2026\/03\/1790f23e-8580-432c-9352-a186e183dce2-1.jpg",1920,1303,false],"thumbnail":["https:\/\/www.bio.uaic.ro\/wp-content\/uploads\/2026\/03\/1790f23e-8580-432c-9352-a186e183dce2-1-150x150.jpg",150,150,true],"medium":["https:\/\/www.bio.uaic.ro\/wp-content\/uploads\/2026\/03\/1790f23e-8580-432c-9352-a186e183dce2-1-300x204.jpg",300,204,true],"medium_large":["https:\/\/www.bio.uaic.ro\/wp-content\/uploads\/2026\/03\/1790f23e-8580-432c-9352-a186e183dce2-1-768x521.jpg",768,521,true],"large":["https:\/\/www.bio.uaic.ro\/wp-content\/uploads\/2026\/03\/1790f23e-8580-432c-9352-a186e183dce2-1-1024x695.jpg",1024,695,true],"1536x1536":["https:\/\/www.bio.uaic.ro\/wp-content\/uploads\/2026\/03\/1790f23e-8580-432c-9352-a186e183dce2-1-1536x1042.jpg",1536,1042,true],"2048x2048":["https:\/\/www.bio.uaic.ro\/wp-content\/uploads\/2026\/03\/1790f23e-8580-432c-9352-a186e183dce2-1.jpg",1920,1303,false],"post-thumbnail":["https:\/\/www.bio.uaic.ro\/wp-content\/uploads\/2026\/03\/1790f23e-8580-432c-9352-a186e183dce2-1-1024x695.jpg",1024,695,true],"mesmerize-full-hd":["https:\/\/www.bio.uaic.ro\/wp-content\/uploads\/2026\/03\/1790f23e-8580-432c-9352-a186e183dce2-1-1591x1080.jpg",1591,1080,true]},"uagb_author_info":{"display_name":"admin","author_link":"https:\/\/www.bio.uaic.ro\/?author=1"},"uagb_comment_info":0,"uagb_excerpt":"\ud83c\uddeb\ud83c\uddf7 \u201eLimba francez\u0103, atuul dumneavoastr\u0103 profesional\u201d Oportunit\u0103\u021bi de studii \u0219i carier\u0103 \u00een cadrul Lunii Francofoniei \ud83d\udcc5 Detalii Eveniment O \u00eent\u00e2lnire esen\u021bial\u0103 pentru studen\u021bii care doresc s\u0103 descopere avantajele competitive ale cunoa\u0219terii limbii franceze. Info Detalii \ud83d\uddd3\ufe0f Data Mar\u021bi, 17 martie 2026 \ud83d\udd52 Ora 14:00 \ud83d\udccd Loca\u021bie Institutul Francez din Rom\u00e2nia, Ia\u0219i (Palatul Braunstein, etajul 1)&hellip;&hellip;","_links":{"self":[{"href":"https:\/\/www.bio.uaic.ro\/index.php?rest_route=\/wp\/v2\/posts\/24700","targetHints":{"allow":["GET"]}}],"collection":[{"href":"https:\/\/www.bio.uaic.ro\/index.php?rest_route=\/wp\/v2\/posts"}],"about":[{"href":"https:\/\/www.bio.uaic.ro\/index.php?rest_route=\/wp\/v2\/types\/post"}],"author":[{"embeddable":true,"href":"https:\/\/www.bio.uaic.ro\/index.php?rest_route=\/wp\/v2\/users\/1"}],"replies":[{"embeddable":true,"href":"https:\/\/www.bio.uaic.ro\/index.php?rest_route=%2Fwp%2Fv2%2Fcomments&post=24700"}],"version-history":[{"count":2,"href":"https:\/\/www.bio.uaic.ro\/index.php?rest_route=\/wp\/v2\/posts\/24700\/revisions"}],"predecessor-version":[{"id":24943,"href":"https:\/\/www.bio.uaic.ro\/index.php?rest_route=\/wp\/v2\/posts\/24700\/revisions\/24943"}],"wp:featuredmedia":[{"embeddable":true,"href":"https:\/\/www.bio.uaic.ro\/index.php?rest_route=\/wp\/v2\/media\/24702"}],"wp:attachment":[{"href":"https:\/\/www.bio.uaic.ro\/index.php?rest_route=%2Fwp%2Fv2%2Fmedia&parent=24700"}],"wp:term":[{"taxonomy":"category","embeddable":true,"href":"https:\/\/www.bio.uaic.ro\/index.php?rest_route=%2Fwp%2Fv2%2Fcategories&post=24700"},{"taxonomy":"post_tag","embeddable":true,"href":"https:\/\/www.bio.uaic.ro\/index.php?rest_route=%2Fwp%2Fv2%2Ftags&post=24700"}],"curies":[{"name":"wp","href":"https:\/\/api.w.org\/{rel}","templated":true}]}}