{"id":22197,"date":"2025-03-26T09:36:29","date_gmt":"2025-03-26T07:36:29","guid":{"rendered":"https:\/\/www.bio.uaic.ro\/?p=22197"},"modified":"2025-03-26T12:07:53","modified_gmt":"2025-03-26T10:07:53","slug":"zilele-portilor-deschise","status":"publish","type":"post","link":"https:\/\/www.bio.uaic.ro\/?p=22197","title":{"rendered":"Zilele Por\u021bilor Deschise"},"content":{"rendered":"<p class=\" has-ek-typography\" style=\"\">\u00cen perioada 10-12 aprilie 2025, Universitatea \u201eAlexandru Ioan Cuza\u201d din Ia\u0219i (UAIC) organizeaz\u0103 evenimentul \u201eZilele Por\u0163ilor Deschise\u201d, \u00een cadrul c\u0103ruia elevii de liceu vor avea ocazia s\u0103 viziteze locurile emblematice ale universit\u0103\u021bii, s\u0103 interac\u021bioneze direct cu reprezentan\u021bii celor 15 facult\u0103\u021bi ale UAIC \u0219i s\u0103 participe la diverse activit\u0103\u021bi interactive de informare \u0219i orientare academic\u0103.<\/p>\n\n<p class=\" has-ek-typography\" style=\"\">Intrarea la activit\u0103\u021bile din cadrul Zilelor Por\u021bilor Deschise este liber\u0103.<\/p>\n\n<p class=\" has-ek-typography\" style=\"\">Mai multe detalii pe site-ul <a href=\"https:\/\/www.uaic.ro\/zilele-portilor-deschise-2025\/\" target=\"_blank\" rel=\"noreferrer noopener\">UAIC<\/a><\/p>\n\n<hr class=\"wp-block-separator has-alpha-channel-opacity has-ek-typography\" style=\"\">\n\n\n<h4 class=\"wp-block-heading\"><a href=\"https:\/\/www.uaic.ro\/zilele-portilor-deschise-2025\/#iLightbox[gallery_image_1]\/1\" target=\"_blank\" rel=\"noreferrer noopener\"><strong>Cum a fost la edi\u021biile anterioare<\/strong><\/a><\/h4>\n","protected":false},"excerpt":{"rendered":"<p>\u00cen perioada 10-12 aprilie 2025, Universitatea \u201eAlexandru Ioan Cuza\u201d din Ia\u0219i (UAIC) organizeaz\u0103 evenimentul \u201eZilele Por\u0163ilor Deschise\u201d, \u00een cadrul c\u0103ruia elevii de liceu vor avea ocazia s\u0103 viziteze locurile emblematice ale universit\u0103\u021bii, s\u0103 interac\u021bioneze direct cu reprezentan\u021bii celor 15 facult\u0103\u021bi ale UAIC \u0219i s\u0103 participe la diverse activit\u0103\u021bi interactive de informare \u0219i orientare academic\u0103. Intrarea&hellip; <br \/> <a class=\"read-more\" href=\"https:\/\/www.bio.uaic.ro\/?p=22197\">Cite\u0219te mai mult<\/a><\/p>\n","protected":false},"author":1,"featured_media":22201,"comment_status":"closed","ping_status":"closed","sticky":false,"template":"","format":"standard","meta":{"_editorskit_title_hidden":false,"_editorskit_reading_time":0,"_editorskit_is_block_options_detached":false,"_editorskit_block_options_position":"{}","_editorskit_typography_data":[],"_editorskit_blocks_typography":"","_uag_custom_page_level_css":"","footnotes":""},"categories":[7,44,24],"tags":[],"class_list":["post-22197","post","type-post","status-publish","format-standard","has-post-thumbnail","hentry","category-anunturi-importante","category-evenimente-studenti","category-categorie-toate-anunturile"],"featured_image_src":"https:\/\/www.bio.uaic.ro\/wp-content\/uploads\/2025\/03\/2025-ZPD.jpg","author_info":{"display_name":"admin","author_link":"https:\/\/www.bio.uaic.ro\/?author=1"},"uagb_featured_image_src":{"full":["https:\/\/www.bio.uaic.ro\/wp-content\/uploads\/2025\/03\/2025-ZPD.jpg",784,296,false],"thumbnail":["https:\/\/www.bio.uaic.ro\/wp-content\/uploads\/2025\/03\/2025-ZPD-150x150.jpg",150,150,true],"medium":["https:\/\/www.bio.uaic.ro\/wp-content\/uploads\/2025\/03\/2025-ZPD-300x113.jpg",300,113,true],"medium_large":["https:\/\/www.bio.uaic.ro\/wp-content\/uploads\/2025\/03\/2025-ZPD-768x290.jpg",768,290,true],"large":["https:\/\/www.bio.uaic.ro\/wp-content\/uploads\/2025\/03\/2025-ZPD.jpg",784,296,false],"1536x1536":["https:\/\/www.bio.uaic.ro\/wp-content\/uploads\/2025\/03\/2025-ZPD.jpg",784,296,false],"2048x2048":["https:\/\/www.bio.uaic.ro\/wp-content\/uploads\/2025\/03\/2025-ZPD.jpg",784,296,false],"post-thumbnail":["https:\/\/www.bio.uaic.ro\/wp-content\/uploads\/2025\/03\/2025-ZPD.jpg",784,296,false],"mesmerize-full-hd":["https:\/\/www.bio.uaic.ro\/wp-content\/uploads\/2025\/03\/2025-ZPD.jpg",784,296,false]},"uagb_author_info":{"display_name":"admin","author_link":"https:\/\/www.bio.uaic.ro\/?author=1"},"uagb_comment_info":0,"uagb_excerpt":"\u00cen perioada 10-12 aprilie 2025, Universitatea \u201eAlexandru Ioan Cuza\u201d din Ia\u0219i (UAIC) organizeaz\u0103 evenimentul \u201eZilele Por\u0163ilor Deschise\u201d, \u00een cadrul c\u0103ruia elevii de liceu vor avea ocazia s\u0103 viziteze locurile emblematice ale universit\u0103\u021bii, s\u0103 interac\u021bioneze direct cu reprezentan\u021bii celor 15 facult\u0103\u021bi ale UAIC \u0219i s\u0103 participe la diverse activit\u0103\u021bi interactive de informare \u0219i orientare academic\u0103. Intrarea&hellip;&hellip;","_links":{"self":[{"href":"https:\/\/www.bio.uaic.ro\/index.php?rest_route=\/wp\/v2\/posts\/22197","targetHints":{"allow":["GET"]}}],"collection":[{"href":"https:\/\/www.bio.uaic.ro\/index.php?rest_route=\/wp\/v2\/posts"}],"about":[{"href":"https:\/\/www.bio.uaic.ro\/index.php?rest_route=\/wp\/v2\/types\/post"}],"author":[{"embeddable":true,"href":"https:\/\/www.bio.uaic.ro\/index.php?rest_route=\/wp\/v2\/users\/1"}],"replies":[{"embeddable":true,"href":"https:\/\/www.bio.uaic.ro\/index.php?rest_route=%2Fwp%2Fv2%2Fcomments&post=22197"}],"version-history":[{"count":16,"href":"https:\/\/www.bio.uaic.ro\/index.php?rest_route=\/wp\/v2\/posts\/22197\/revisions"}],"predecessor-version":[{"id":22249,"href":"https:\/\/www.bio.uaic.ro\/index.php?rest_route=\/wp\/v2\/posts\/22197\/revisions\/22249"}],"wp:featuredmedia":[{"embeddable":true,"href":"https:\/\/www.bio.uaic.ro\/index.php?rest_route=\/wp\/v2\/media\/22201"}],"wp:attachment":[{"href":"https:\/\/www.bio.uaic.ro\/index.php?rest_route=%2Fwp%2Fv2%2Fmedia&parent=22197"}],"wp:term":[{"taxonomy":"category","embeddable":true,"href":"https:\/\/www.bio.uaic.ro\/index.php?rest_route=%2Fwp%2Fv2%2Fcategories&post=22197"},{"taxonomy":"post_tag","embeddable":true,"href":"https:\/\/www.bio.uaic.ro\/index.php?rest_route=%2Fwp%2Fv2%2Ftags&post=22197"}],"curies":[{"name":"wp","href":"https:\/\/api.w.org\/{rel}","templated":true}]}}