{"id":17512,"date":"2023-09-22T12:03:08","date_gmt":"2023-09-22T09:03:08","guid":{"rendered":"https:\/\/www.bio.uaic.ro\/?p=17512"},"modified":"2023-09-22T12:15:26","modified_gmt":"2023-09-22T09:15:26","slug":"anunt-important-cazare-an-universitar-2023-2024","status":"publish","type":"post","link":"https:\/\/www.bio.uaic.ro\/?p=17512","title":{"rendered":"Informa\u021bii cazare an universitar 2023-2024"},"content":{"rendered":"<p class=\" has-ek-typography\" style=\"\">Listele cu studen\u021bii care vor beneficia de un loc de cazare \u00een caminele Universit\u0103\u021bii Alexandru Ioan Cuza din Ia\u0219i vor fi afi\u0219ate luni, 25 sept.2023 la ora 16, pe site-ul Facult\u0103\u021bii de Biologie.<\/p>\n\n<p class=\" has-ek-typography\" style=\"\">Dispozi\u021biile de cazare se elibereaz\u0103 de c\u0103tre Comisia de cazare, individual \u015fi personal, pe baza unui document de identitate, la Facultatea de Biologie, \u00een <strong>sala 468, etajul I, corp B (secretariat)<\/strong>.<\/p>\n\n<p class=\" has-ek-typography\" style=\"\">Dispozi\u021biile de cazare se elibereaz\u0103 dup\u0103 urm\u0103torul program<\/p>\n\n<h4 class=\"wp-block-heading has-ek-typography\" style=\"\">26.09.2023<\/h4>\n\n<ul class=\"wp-block-list has-ek-typography\" style=\"\"><li class=\" has-ek-typography\" style=\"\">\u00eentre orele 10-12 &#8211; anul II \u00a0\u0219i \u00a0I \u00a0pentru toate specializ\u0103rile de la master<\/li>\n\n<li class=\" has-ek-typography\" style=\"\">\u00eentre orele 12-14 &#8211; anul III toate specializ\u0103rile<\/li><\/ul>\n\n<h4 class=\"wp-block-heading has-ek-typography\" style=\"\">27.09.2023<\/h4>\n\n<ul class=\"wp-block-list has-ek-typography\" style=\"\"><li class=\" has-ek-typography\" style=\"\">\u00eentre orele 10-14 &#8211; anul II \u0219i I toate specializ\u0103rile de la licen\u021b\u0103<\/li><\/ul>\n\n<h4 class=\"wp-block-heading has-ek-typography\" style=\"\">28.09.2023<\/h4>\n\n<ul class=\"wp-block-list has-ek-typography\" style=\"\"><li class=\" has-ek-typography\" style=\"\">\u00eentre orele 10-12 &#8211; to\u021bi anii \u0219i toate specializ\u0103rile<\/li><\/ul>\n\n<h4 class=\"wp-block-heading has-ek-typography\" style=\"\">28.09.2023<\/h4>\n\n<ul class=\"wp-block-list has-ek-typography\" style=\"\"><li class=\" has-ek-typography\" style=\"\"><strong><mark style=\"background-color:rgba(0, 0, 0, 0)\" class=\"has-inline-color has-vivid-red-color\">la ora 12 se anuleaz\u0103 toate dispozi\u021biile neridicate de la facultate \u0219i se redistribuie locurile r\u0103mase libere<\/mark><\/strong><\/li><\/ul>\n\n<h4 class=\"wp-block-heading has-ek-typography\" style=\"\">29.09.2023<\/h4>\n\n<ul class=\"wp-block-list has-ek-typography\" style=\"\"><li class=\" has-ek-typography\" style=\"\">ora 10 &#8211; se elibereaz\u0103 dispozi\u021bii de cazare a locurilor redistribuite<\/li><\/ul>\n\n<h4 class=\"wp-block-heading has-ek-typography\" style=\"\">2.10.2023<\/h4>\n\n<ul class=\"wp-block-list has-ek-typography\" style=\"\"><li class=\" has-ek-typography\" style=\"\">ora 12 se anuleaz\u0103 toate dispozi\u021biile neridicate \u0219i se redistribuie locurile r\u0103mase libere<\/li><\/ul>\n\n<p class=\" has-ek-typography\" style=\"\">Dispozi\u021biile de cazare eliberate vor avea valabilitate p\u00e2na pe data de <strong>28.09.2023, ora 17<\/strong>. <strong>Dup\u0103 ora 17 se anuleaz\u0103 toate dispozi\u0163iile de cazare ale studen\u0163ilor care nu s-au cazat, prin considerarea dep\u0103\u015firii termenului de valabilitate al acestora<\/strong>.<\/p>\n\n<p class=\" has-ek-typography\" style=\"\">Refuzul reparti\u0163iei de cazare sau renun\u0163area la cazare \u00een timpului anului\u00a0 universitar conduce la pierderea dreptului de cazare pentru anul universitar \u00een curs.<\/p>\n\n<h3 class=\"wp-block-heading has-text-align-center has-ek-typography\" style=\"\">Comisia de cazare a Facult\u0103\u021bii de Biologie<\/h3>","protected":false},"excerpt":{"rendered":"<p>Listele cu studen\u021bii care vor beneficia de un loc de cazare \u00een caminele Universit\u0103\u021bii Alexandru Ioan Cuza din Ia\u0219i vor fi afi\u0219ate luni, 25 sept.2023 la ora 16, pe site-ul Facult\u0103\u021bii de Biologie. Dispozi\u021biile de cazare se elibereaz\u0103 de c\u0103tre Comisia de cazare, individual \u015fi personal, pe baza unui document de identitate, la Facultatea de&hellip; <br \/> <a class=\"read-more\" href=\"https:\/\/www.bio.uaic.ro\/?p=17512\">Cite\u0219te mai mult<\/a><\/p>\n","protected":false},"author":1,"featured_media":2613,"comment_status":"closed","ping_status":"closed","sticky":false,"template":"","format":"standard","meta":{"_editorskit_title_hidden":false,"_editorskit_reading_time":0,"_editorskit_is_block_options_detached":false,"_editorskit_block_options_position":"{}","_editorskit_typography_data":[],"_editorskit_blocks_typography":"","_uag_custom_page_level_css":"","footnotes":""},"categories":[7,43,24,17],"tags":[],"class_list":["post-17512","post","type-post","status-publish","format-standard","has-post-thumbnail","hentry","category-anunturi-importante","category-cazare","category-categorie-toate-anunturile","category-anunturi-studenti"],"featured_image_src":"https:\/\/www.bio.uaic.ro\/wp-content\/uploads\/2021\/02\/cazare3.jpg","author_info":{"display_name":"admin","author_link":"https:\/\/www.bio.uaic.ro\/?author=1"},"uagb_featured_image_src":{"full":["https:\/\/www.bio.uaic.ro\/wp-content\/uploads\/2021\/02\/cazare3.jpg",1280,367,false],"thumbnail":["https:\/\/www.bio.uaic.ro\/wp-content\/uploads\/2021\/02\/cazare3-150x150.jpg",150,150,true],"medium":["https:\/\/www.bio.uaic.ro\/wp-content\/uploads\/2021\/02\/cazare3-300x86.jpg",300,86,true],"medium_large":["https:\/\/www.bio.uaic.ro\/wp-content\/uploads\/2021\/02\/cazare3-768x220.jpg",768,220,true],"large":["https:\/\/www.bio.uaic.ro\/wp-content\/uploads\/2021\/02\/cazare3-1024x294.jpg",1024,294,true],"1536x1536":["https:\/\/www.bio.uaic.ro\/wp-content\/uploads\/2021\/02\/cazare3.jpg",1280,367,false],"2048x2048":["https:\/\/www.bio.uaic.ro\/wp-content\/uploads\/2021\/02\/cazare3.jpg",1280,367,false],"post-thumbnail":["https:\/\/www.bio.uaic.ro\/wp-content\/uploads\/2021\/02\/cazare3-1024x294.jpg",1024,294,true],"mesmerize-full-hd":["https:\/\/www.bio.uaic.ro\/wp-content\/uploads\/2021\/02\/cazare3.jpg",1280,367,false]},"uagb_author_info":{"display_name":"admin","author_link":"https:\/\/www.bio.uaic.ro\/?author=1"},"uagb_comment_info":0,"uagb_excerpt":"Listele cu studen\u021bii care vor beneficia de un loc de cazare \u00een caminele Universit\u0103\u021bii Alexandru Ioan Cuza din Ia\u0219i vor fi afi\u0219ate luni, 25 sept.2023 la ora 16, pe site-ul Facult\u0103\u021bii de Biologie. Dispozi\u021biile de cazare se elibereaz\u0103 de c\u0103tre Comisia de cazare, individual \u015fi personal, pe baza unui document de identitate, la Facultatea de&hellip;&hellip;","_links":{"self":[{"href":"https:\/\/www.bio.uaic.ro\/index.php?rest_route=\/wp\/v2\/posts\/17512","targetHints":{"allow":["GET"]}}],"collection":[{"href":"https:\/\/www.bio.uaic.ro\/index.php?rest_route=\/wp\/v2\/posts"}],"about":[{"href":"https:\/\/www.bio.uaic.ro\/index.php?rest_route=\/wp\/v2\/types\/post"}],"author":[{"embeddable":true,"href":"https:\/\/www.bio.uaic.ro\/index.php?rest_route=\/wp\/v2\/users\/1"}],"replies":[{"embeddable":true,"href":"https:\/\/www.bio.uaic.ro\/index.php?rest_route=%2Fwp%2Fv2%2Fcomments&post=17512"}],"version-history":[{"count":5,"href":"https:\/\/www.bio.uaic.ro\/index.php?rest_route=\/wp\/v2\/posts\/17512\/revisions"}],"predecessor-version":[{"id":17517,"href":"https:\/\/www.bio.uaic.ro\/index.php?rest_route=\/wp\/v2\/posts\/17512\/revisions\/17517"}],"wp:featuredmedia":[{"embeddable":true,"href":"https:\/\/www.bio.uaic.ro\/index.php?rest_route=\/wp\/v2\/media\/2613"}],"wp:attachment":[{"href":"https:\/\/www.bio.uaic.ro\/index.php?rest_route=%2Fwp%2Fv2%2Fmedia&parent=17512"}],"wp:term":[{"taxonomy":"category","embeddable":true,"href":"https:\/\/www.bio.uaic.ro\/index.php?rest_route=%2Fwp%2Fv2%2Fcategories&post=17512"},{"taxonomy":"post_tag","embeddable":true,"href":"https:\/\/www.bio.uaic.ro\/index.php?rest_route=%2Fwp%2Fv2%2Ftags&post=17512"}],"curies":[{"name":"wp","href":"https:\/\/api.w.org\/{rel}","templated":true}]}}