{"id":17442,"date":"2023-09-13T15:34:02","date_gmt":"2023-09-13T12:34:02","guid":{"rendered":"https:\/\/www.bio.uaic.ro\/?p=17442"},"modified":"2023-09-15T15:01:45","modified_gmt":"2023-09-15T12:01:45","slug":"sustinere-referat-ii-duta-raluca-elena","status":"publish","type":"post","link":"https:\/\/www.bio.uaic.ro\/?p=17442","title":{"rendered":"Sus\u021binere referat II \u2013 Du\u021b\u0103 Raluca-Elena"},"content":{"rendered":"<p class=\" has-ek-typography\" style=\"\"><strong>Mar\u021bi 26 septembrie 2023<\/strong>, \u00eencep\u00e2nd cu orele <strong>11.00<\/strong>, \u00een sala <strong>B-460<\/strong> (corp B et.1) <strong>Drd. Du\u021b\u0103 Raluca-Elena <\/strong>va sus\u021bine referatul II din cadrul programului de cercetare \u0219tiin\u021bific\u0103 (\u015ecoala Doctoral\u0103 de Biologie).<\/p>\n\n<p class=\" has-ek-typography\" style=\"\">Titlul referatului II: \u201e<strong><em>Rezultate preliminarii privind perspectivele terapeutice ale vitaminei D \u00een manifest\u0103rile psihiatrice asociate epilepsiei<\/em><\/strong>\u201d.<br>Coordonator \u0219tiin\u021biifc: CS. I dr. habil. Alin-Stelian CIOB\u00ceC\u0102.<\/p>","protected":false},"excerpt":{"rendered":"<p>Mar\u021bi 26 septembrie 2023, \u00eencep\u00e2nd cu orele 11.00, \u00een sala B-460 (corp B et.1) Drd. Du\u021b\u0103 Raluca-Elena va sus\u021bine referatul II din cadrul programului de cercetare \u0219tiin\u021bific\u0103 (\u015ecoala Doctoral\u0103 de Biologie). Titlul referatului II: \u201eRezultate preliminarii privind perspectivele terapeutice ale vitaminei D \u00een manifest\u0103rile psihiatrice asociate epilepsiei\u201d.Coordonator \u0219tiin\u021biifc: CS. I dr. habil. Alin-Stelian CIOB\u00ceC\u0102.<\/p>\n","protected":false},"author":1,"featured_media":6118,"comment_status":"closed","ping_status":"closed","sticky":false,"template":"","format":"standard","meta":{"_editorskit_title_hidden":false,"_editorskit_reading_time":0,"_editorskit_is_block_options_detached":false,"_editorskit_block_options_position":"{}","_editorskit_typography_data":[],"_editorskit_blocks_typography":"","_uag_custom_page_level_css":"","footnotes":""},"categories":[7,24,23],"tags":[],"class_list":["post-17442","post","type-post","status-publish","format-standard","has-post-thumbnail","hentry","category-anunturi-importante","category-categorie-toate-anunturile","category-anunturi-sc-doc"],"featured_image_src":"https:\/\/www.bio.uaic.ro\/wp-content\/uploads\/2021\/05\/scdoc.jpg","author_info":{"display_name":"admin","author_link":"https:\/\/www.bio.uaic.ro\/?author=1"},"uagb_featured_image_src":{"full":["https:\/\/www.bio.uaic.ro\/wp-content\/uploads\/2021\/05\/scdoc.jpg",1280,853,false],"thumbnail":["https:\/\/www.bio.uaic.ro\/wp-content\/uploads\/2021\/05\/scdoc-150x150.jpg",150,150,true],"medium":["https:\/\/www.bio.uaic.ro\/wp-content\/uploads\/2021\/05\/scdoc-300x200.jpg",300,200,true],"medium_large":["https:\/\/www.bio.uaic.ro\/wp-content\/uploads\/2021\/05\/scdoc-768x512.jpg",768,512,true],"large":["https:\/\/www.bio.uaic.ro\/wp-content\/uploads\/2021\/05\/scdoc-1024x682.jpg",1024,682,true],"1536x1536":["https:\/\/www.bio.uaic.ro\/wp-content\/uploads\/2021\/05\/scdoc.jpg",1280,853,false],"2048x2048":["https:\/\/www.bio.uaic.ro\/wp-content\/uploads\/2021\/05\/scdoc.jpg",1280,853,false],"post-thumbnail":["https:\/\/www.bio.uaic.ro\/wp-content\/uploads\/2021\/05\/scdoc-1024x682.jpg",1024,682,true],"mesmerize-full-hd":["https:\/\/www.bio.uaic.ro\/wp-content\/uploads\/2021\/05\/scdoc.jpg",1280,853,false]},"uagb_author_info":{"display_name":"admin","author_link":"https:\/\/www.bio.uaic.ro\/?author=1"},"uagb_comment_info":0,"uagb_excerpt":"Mar\u021bi 26 septembrie 2023, \u00eencep\u00e2nd cu orele 11.00, \u00een sala B-460 (corp B et.1) Drd. Du\u021b\u0103 Raluca-Elena va sus\u021bine referatul II din cadrul programului de cercetare \u0219tiin\u021bific\u0103 (\u015ecoala Doctoral\u0103 de Biologie). Titlul referatului II: \u201eRezultate preliminarii privind perspectivele terapeutice ale vitaminei D \u00een manifest\u0103rile psihiatrice asociate epilepsiei\u201d.Coordonator \u0219tiin\u021biifc: CS. I dr. habil. Alin-Stelian CIOB\u00ceC\u0102.","_links":{"self":[{"href":"https:\/\/www.bio.uaic.ro\/index.php?rest_route=\/wp\/v2\/posts\/17442","targetHints":{"allow":["GET"]}}],"collection":[{"href":"https:\/\/www.bio.uaic.ro\/index.php?rest_route=\/wp\/v2\/posts"}],"about":[{"href":"https:\/\/www.bio.uaic.ro\/index.php?rest_route=\/wp\/v2\/types\/post"}],"author":[{"embeddable":true,"href":"https:\/\/www.bio.uaic.ro\/index.php?rest_route=\/wp\/v2\/users\/1"}],"replies":[{"embeddable":true,"href":"https:\/\/www.bio.uaic.ro\/index.php?rest_route=%2Fwp%2Fv2%2Fcomments&post=17442"}],"version-history":[{"count":3,"href":"https:\/\/www.bio.uaic.ro\/index.php?rest_route=\/wp\/v2\/posts\/17442\/revisions"}],"predecessor-version":[{"id":17492,"href":"https:\/\/www.bio.uaic.ro\/index.php?rest_route=\/wp\/v2\/posts\/17442\/revisions\/17492"}],"wp:featuredmedia":[{"embeddable":true,"href":"https:\/\/www.bio.uaic.ro\/index.php?rest_route=\/wp\/v2\/media\/6118"}],"wp:attachment":[{"href":"https:\/\/www.bio.uaic.ro\/index.php?rest_route=%2Fwp%2Fv2%2Fmedia&parent=17442"}],"wp:term":[{"taxonomy":"category","embeddable":true,"href":"https:\/\/www.bio.uaic.ro\/index.php?rest_route=%2Fwp%2Fv2%2Fcategories&post=17442"},{"taxonomy":"post_tag","embeddable":true,"href":"https:\/\/www.bio.uaic.ro\/index.php?rest_route=%2Fwp%2Fv2%2Ftags&post=17442"}],"curies":[{"name":"wp","href":"https:\/\/api.w.org\/{rel}","templated":true}]}}