{"id":16932,"date":"2023-08-29T08:26:17","date_gmt":"2023-08-29T05:26:17","guid":{"rendered":"https:\/\/www.bio.uaic.ro\/?p=16932"},"modified":"2023-08-29T08:26:18","modified_gmt":"2023-08-29T05:26:18","slug":"sesiunea-speciala-de-examene-septembrie-2023","status":"publish","type":"post","link":"https:\/\/www.bio.uaic.ro\/?p=16932","title":{"rendered":"Sesiunea special\u0103 de examene \u2013 septembrie 2023"},"content":{"rendered":"<p class=\" has-ek-typography\" style=\"\">\u00cen perioada <strong>28 august \u2013 10 septembrie<\/strong> se organizeaz\u0103 o sesiune de examinare special\u0103, destinat\u0103 <strong>doar <\/strong>studen\u021bilor afla\u021bi \u00een una dintre cele dou\u0103 situa\u021bii: <strong>1. au beneficiat de o mobilitate Erasmus<\/strong> \u00een anul universitar 2022-2023; <strong>2. din motive medicale \u00eentemeiate \u0219i demonstrabile<\/strong>, nu au putut fi evalua\u021bi \u00een sesiunea de restan\u021be din semestrul al 2-lea, indiferent de anul de studii.<\/p>\n\n<p class=\" has-ek-typography\" style=\"\">Un student are dreptul de a participa o singur\u0103 dat\u0103, la una dintre cele dou\u0103 sesiuni de restan\u021be (iunie 2023 sau septembrie 2023). Astfel, un student care a fost evaluat la o anumit\u0103 disciplin\u0103 \u00een sesiunea de restan\u021be din iunie 2023, dar nu a promovat, nu poate participa la sesiunea din septembrie 2023.<\/p>\n\n<p class=\" has-ek-typography\" style=\"\">Studen\u021bii (at\u00e2t Erasmus, c\u00e2t \u0219i cazurile medicale) vor depune o cerere scris\u0103 (modelul Cerere general\u0103 studen\u021bi, disponibil la <a href=\"https:\/\/www.bio.uaic.ro\/?page_id=1356\">https:\/\/www.bio.uaic.ro\/?page_id=1356<\/a>) \u0219i documentele medicale justificative, eliberate de medicul specialist, pe adresa de email <a href=\"mailto:elena.babei@uaic.ro\">elena.babei@uaic.ro<\/a><\/p>\n\n<p class=\" has-ek-typography\" style=\"\">Cererile vor fi transmise \u00een intervalul 29-30 august, p\u00e2n\u0103 cel t\u00e2rziu la ora 12.00 a zilei de 30 august.<\/p>\n\n<p class=\" has-ek-typography\" style=\"\">Datele de sus\u021binere a examenelor vor fi comunicate ulterior.<\/p>","protected":false},"excerpt":{"rendered":"<p>\u00cen perioada 28 august \u2013 10 septembrie se organizeaz\u0103 o sesiune de examinare special\u0103, destinat\u0103 doar studen\u021bilor afla\u021bi \u00een una dintre cele dou\u0103 situa\u021bii: 1. au beneficiat de o mobilitate Erasmus \u00een anul universitar 2022-2023; 2. din motive medicale \u00eentemeiate \u0219i demonstrabile, nu au putut fi evalua\u021bi \u00een sesiunea de restan\u021be din semestrul al 2-lea,&hellip; <br \/> <a class=\"read-more\" href=\"https:\/\/www.bio.uaic.ro\/?p=16932\">Cite\u0219te mai mult<\/a><\/p>\n","protected":false},"author":1,"featured_media":5075,"comment_status":"closed","ping_status":"closed","sticky":false,"template":"","format":"standard","meta":{"_editorskit_title_hidden":false,"_editorskit_reading_time":0,"_editorskit_is_block_options_detached":false,"_editorskit_block_options_position":"{}","_editorskit_typography_data":[],"_editorskit_blocks_typography":"","_uag_custom_page_level_css":"","footnotes":""},"categories":[7,24,17],"tags":[],"class_list":["post-16932","post","type-post","status-publish","format-standard","has-post-thumbnail","hentry","category-anunturi-importante","category-categorie-toate-anunturile","category-anunturi-studenti"],"featured_image_src":"https:\/\/www.bio.uaic.ro\/wp-content\/uploads\/2021\/04\/test.jpg","author_info":{"display_name":"admin","author_link":"https:\/\/www.bio.uaic.ro\/?author=1"},"uagb_featured_image_src":{"full":["https:\/\/www.bio.uaic.ro\/wp-content\/uploads\/2021\/04\/test.jpg",1280,376,false],"thumbnail":["https:\/\/www.bio.uaic.ro\/wp-content\/uploads\/2021\/04\/test-150x150.jpg",150,150,true],"medium":["https:\/\/www.bio.uaic.ro\/wp-content\/uploads\/2021\/04\/test-300x88.jpg",300,88,true],"medium_large":["https:\/\/www.bio.uaic.ro\/wp-content\/uploads\/2021\/04\/test-768x226.jpg",768,226,true],"large":["https:\/\/www.bio.uaic.ro\/wp-content\/uploads\/2021\/04\/test-1024x301.jpg",1024,301,true],"1536x1536":["https:\/\/www.bio.uaic.ro\/wp-content\/uploads\/2021\/04\/test.jpg",1280,376,false],"2048x2048":["https:\/\/www.bio.uaic.ro\/wp-content\/uploads\/2021\/04\/test.jpg",1280,376,false],"post-thumbnail":["https:\/\/www.bio.uaic.ro\/wp-content\/uploads\/2021\/04\/test-1024x301.jpg",1024,301,true],"mesmerize-full-hd":["https:\/\/www.bio.uaic.ro\/wp-content\/uploads\/2021\/04\/test.jpg",1280,376,false]},"uagb_author_info":{"display_name":"admin","author_link":"https:\/\/www.bio.uaic.ro\/?author=1"},"uagb_comment_info":0,"uagb_excerpt":"\u00cen perioada 28 august \u2013 10 septembrie se organizeaz\u0103 o sesiune de examinare special\u0103, destinat\u0103 doar studen\u021bilor afla\u021bi \u00een una dintre cele dou\u0103 situa\u021bii: 1. au beneficiat de o mobilitate Erasmus \u00een anul universitar 2022-2023; 2. din motive medicale \u00eentemeiate \u0219i demonstrabile, nu au putut fi evalua\u021bi \u00een sesiunea de restan\u021be din semestrul al 2-lea,&hellip;&hellip;","_links":{"self":[{"href":"https:\/\/www.bio.uaic.ro\/index.php?rest_route=\/wp\/v2\/posts\/16932","targetHints":{"allow":["GET"]}}],"collection":[{"href":"https:\/\/www.bio.uaic.ro\/index.php?rest_route=\/wp\/v2\/posts"}],"about":[{"href":"https:\/\/www.bio.uaic.ro\/index.php?rest_route=\/wp\/v2\/types\/post"}],"author":[{"embeddable":true,"href":"https:\/\/www.bio.uaic.ro\/index.php?rest_route=\/wp\/v2\/users\/1"}],"replies":[{"embeddable":true,"href":"https:\/\/www.bio.uaic.ro\/index.php?rest_route=%2Fwp%2Fv2%2Fcomments&post=16932"}],"version-history":[{"count":1,"href":"https:\/\/www.bio.uaic.ro\/index.php?rest_route=\/wp\/v2\/posts\/16932\/revisions"}],"predecessor-version":[{"id":16933,"href":"https:\/\/www.bio.uaic.ro\/index.php?rest_route=\/wp\/v2\/posts\/16932\/revisions\/16933"}],"wp:featuredmedia":[{"embeddable":true,"href":"https:\/\/www.bio.uaic.ro\/index.php?rest_route=\/wp\/v2\/media\/5075"}],"wp:attachment":[{"href":"https:\/\/www.bio.uaic.ro\/index.php?rest_route=%2Fwp%2Fv2%2Fmedia&parent=16932"}],"wp:term":[{"taxonomy":"category","embeddable":true,"href":"https:\/\/www.bio.uaic.ro\/index.php?rest_route=%2Fwp%2Fv2%2Fcategories&post=16932"},{"taxonomy":"post_tag","embeddable":true,"href":"https:\/\/www.bio.uaic.ro\/index.php?rest_route=%2Fwp%2Fv2%2Ftags&post=16932"}],"curies":[{"name":"wp","href":"https:\/\/api.w.org\/{rel}","templated":true}]}}