{"id":16426,"date":"2023-06-23T13:48:51","date_gmt":"2023-06-23T10:48:51","guid":{"rendered":"https:\/\/www.bio.uaic.ro\/?p=16426"},"modified":"2023-06-26T08:10:55","modified_gmt":"2023-06-26T05:10:55","slug":"trecerea-in-nefiinta-a-d-rei-secretar-sef-mihaela-bucsa","status":"publish","type":"post","link":"https:\/\/www.bio.uaic.ro\/?p=16426","title":{"rendered":"Trecerea \u00een nefiin\u021b\u0103 a d-rei Secretar \u0219ef Mihaela-Tatiana BUC\u0218\u0102"},"content":{"rendered":"<hr class=\"wp-block-separator has-alpha-channel-opacity has-ek-typography\" style=\"\">\n\n<p class=\"has-text-align-center has-ek-typography\" style=\"\">Luni, <strong>26 iunie 2023<\/strong>, la ora <strong>12.00<\/strong>, Mihaela, colega noastr\u0103 drag\u0103, va fi depus\u0103 la Cimitirul Eternitatea.<br>\u00cenmorm\u00e2ntarea va avea loc mar\u021bi, <strong>27 iunie 2023<\/strong>, ora <strong>14.00<\/strong>.<\/p>\n\n<p class=\"has-text-align-center has-ek-typography\" style=\"\">Dumnezeu s\u0103 a\u0219eze sufletul t\u0103u special \u00een Lumin\u0103\u00a0\u0219i\u00a0Armonie!<\/p>\n\n<hr class=\"wp-block-separator has-alpha-channel-opacity has-ek-typography\" style=\"\">\n\n<div style=\"height:39px\" aria-hidden=\"true\" class=\"wp-block-spacer has-ek-typography\"><\/div>\n\n<blockquote class=\"wp-block-quote is-layout-flow wp-block-quote-is-layout-flow has-ek-typography\" style=\"\"><p class=\" has-ek-typography\" style=\"\">Nu a\u0219 fi crezut c\u0103 voi trimite un asemenea mesaj despre un om at\u00e2t de deosebit, de bun \u0219i dedicat. Suntem profund \u00eendurera\u021bi de trecerea \u00een nefiin\u021b\u0103 a celei care a fost d-na secretar\u0103 \u0219ef\u0103, Mihaela Buc\u0219\u0103! Ne pare nespus de r\u0103u! Secretariatul de la Biologie este de azi mai s\u0103rac! Sincere condolean\u021be \u0219i dumnezeu s\u0103 o ierte! &#8211; <strong>Colectivului anului 2 Biochimie.\u00a0<\/strong><\/p>\n\n<hr class=\"wp-block-separator has-alpha-channel-opacity has-ek-typography\" style=\"\">\n\n<p class=\" has-ek-typography\" style=\"\">Sincere condolean\u021be din partea Colectivului Secretariatului Facult\u0103\u021bii de Psihologie \u0219i \u0218tiin\u021be ale Educa\u021biei pentru marea pierdere a omului drag \u0219i frumos suflete\u0219te Mihaela! Drum lin \u0219i lumin\u0103!<\/p>\n\n<hr class=\"wp-block-separator has-alpha-channel-opacity has-ek-typography\" style=\"\">\n\n<p class=\" has-ek-typography\" style=\"\"><em>Dragi colege,<\/em><br><em>Ast\u0103zi \u00eenc\u0103 o dat\u0103 am aflat c\u00e2t este de fragil\u0103 via\u021ba!<\/em><br><em>M\u0103 doare ceva \u00eenl\u0103untrul meu, \u00een dreptul inimii, a sufletului, \u0219i trebuie s\u0103 spun, s\u0103 strig, s\u0103 r\u0103cnesc.<\/em><br><em>M\u0103 doare cl\u0103tinat pierderea colegei noastre, un Om pe care l-am cunoscut ca fiind un suflet minunat, o inim\u0103 mare.<\/em><br><em>Regret c\u0103 nu am cunoscut-o mai bine&#8230;<\/em><br><em>Regret c\u0103 \u00eencepem \u0219i noi s\u0103 ne cernem r\u00e2nd pe r\u00e2nd.<\/em><br><em>M\u0103 alin\u0103 un g\u00e2nd, credin\u021ba c\u0103 Dumnezeu, Care singur \u0219tie inima omului, o s\u0103 odihneasca sufletul Doamnei Mihaela \u00een loc netulburat de termene, de obliga\u021bii, de \u00eentristare, de durere sau suspin.<\/em><br><em>O s\u0103 priveasc\u0103, sunt sigur, la bun\u0103tatea ei, la jertfelnicia ei.<\/em><\/p>\n\n<p class=\" has-ek-typography\" style=\"\"><em>Cu durere \u0219i lacrim\u0103,<\/em><br><strong><em>Adrian Cucu<\/em><br><\/strong><em>Secretar \u0219ef Facultatea de Teologie Ortodoxa<\/em><\/p>\n\n<hr class=\"wp-block-separator has-alpha-channel-opacity has-ek-typography\" style=\"\">\n\n<p class=\" has-ek-typography\" style=\"\">Dragi colege,\u00a0 Dragi colegi,\u00a0\u00a0<\/p>\n\n<p class=\" has-ek-typography\" style=\"\">Ast\u0103zi am primit o veste foarte trist\u0103, de la Facultatea de Biologie. Mihaela Buc\u0219\u0103, colega noastr\u0103 drag\u0103, \u00een diminea\u021ba aceasta a plecat \u00eentr-o lume mai bun\u0103.<\/p>\n\n<p class=\" has-ek-typography\" style=\"\">Ce pot s\u0103 spun? Regret nespus \u0219i \u00eencerc s\u0103 g\u0103sesc cuvintele potrivite s\u0103 v\u0103 scriu. Sper ca familia s\u0103 g\u0103seasc\u0103 puterea de a dep\u0103\u0219i acest moment extrem de tragic.<\/p>\n\n<p class=\" has-ek-typography\" style=\"\">Noi o s\u0103-i sim\u021bim lipsa foarte mult. Pentru colegii care vor dori s\u0103-i aduc\u0103 un ultim omagiu, \u00eenca nu avem informa\u021bii, dar, cred c\u0103 le pute\u021bi ob\u021bine de la Secretariatul Facult\u0103\u021bii de Biologie.<\/p>\n\n<p class=\" has-ek-typography\" style=\"\">\u201eDumnezeu s\u0103 o odihneasc\u0103 \u00een pace\u201d.<\/p>\n\n<p class=\" has-ek-typography\" style=\"\"><strong>Mariana Petcu<\/strong><\/p>\n\n<p class=\" has-ek-typography\" style=\"\">Secretar \u0219ef Universitate<\/p>\n\n<hr class=\"wp-block-separator has-alpha-channel-opacity has-ek-typography\" style=\"\">\n\n<p class=\" has-ek-typography\" style=\"\">Dragi colege, dragi colegi,<br>O veste at\u00e2t de trist\u0103 m-a l\u0103sat f\u0103r\u0103 cuvinte, cu un gust amar \u0219i o triste\u021be de nedescris \u00een suflet. Consider c\u0103 trebuie s\u0103 avem grij\u0103 de noi, de s\u0103n\u0103tatea noastr\u0103, emo\u021bional\u0103 \u0219i trupeasc\u0103 pentru c\u0103 via\u021ba este prea scurt\u0103 ca s\u0103 fie irosit\u0103.<br>Drum lin, \u00een lumina, Mihaelei, \u0219i fie ca Domnul s\u0103 \u00eei a\u0219eze sufletul l\u00e2ng\u0103 cei buni !<\/p>\n\n<p class=\" has-ek-typography\" style=\"\"><strong>L\u0103cr\u0103mioara Nicoleta Leonte<\/strong><br>Secretar \u0219ef Facultatea de Informatic\u0103<\/p>\n\n<hr class=\"wp-block-separator has-alpha-channel-opacity has-ek-typography\" style=\"\">\n\n<p class=\" has-ek-typography\" style=\"\">Sincere condolean\u021be din partea Colectivului Secretariatului Facult\u0103\u021bii de Psihologie \u0219i \u0218tiin\u021be ale Educa\u021biei pentru marea pierdere a omului drag \u0219i frumos suflete\u0219te Mihaela!<br>Drum lin \u0219i lumin\u0103!<\/p>\n\n<p class=\" has-ek-typography\" style=\"\"><strong>Georgiana Siminiceanu<\/strong><strong><\/strong><\/p>\n\n<p class=\" has-ek-typography\" style=\"\">Secretar \u0219ef Facultatea de Psihologie \u0219i \u015etiin\u021be ale Educa\u021biei<\/p><\/blockquote>","protected":false},"excerpt":{"rendered":"<p>Luni, 26 iunie 2023, la ora 12.00, Mihaela, colega noastr\u0103 drag\u0103, va fi depus\u0103 la Cimitirul Eternitatea.\u00cenmorm\u00e2ntarea va avea loc mar\u021bi, 27 iunie 2023, ora 14.00. Dumnezeu s\u0103 a\u0219eze sufletul t\u0103u special \u00een Lumin\u0103\u00a0\u0219i\u00a0Armonie!<\/p>\n","protected":false},"author":1,"featured_media":16433,"comment_status":"closed","ping_status":"closed","sticky":false,"template":"","format":"standard","meta":{"_editorskit_title_hidden":false,"_editorskit_reading_time":0,"_editorskit_is_block_options_detached":false,"_editorskit_block_options_position":"{}","_editorskit_typography_data":[],"_editorskit_blocks_typography":"","_uag_custom_page_level_css":"","footnotes":""},"categories":[24],"tags":[],"class_list":["post-16426","post","type-post","status-publish","format-standard","has-post-thumbnail","hentry","category-categorie-toate-anunturile"],"featured_image_src":"https:\/\/www.bio.uaic.ro\/wp-content\/uploads\/2023\/06\/Cu-tristete-si-durere-in-suflet-1.jpg","author_info":{"display_name":"admin","author_link":"https:\/\/www.bio.uaic.ro\/?author=1"},"uagb_featured_image_src":{"full":["https:\/\/www.bio.uaic.ro\/wp-content\/uploads\/2023\/06\/Cu-tristete-si-durere-in-suflet-1.jpg",1390,1406,false],"thumbnail":["https:\/\/www.bio.uaic.ro\/wp-content\/uploads\/2023\/06\/Cu-tristete-si-durere-in-suflet-1-150x150.jpg",150,150,true],"medium":["https:\/\/www.bio.uaic.ro\/wp-content\/uploads\/2023\/06\/Cu-tristete-si-durere-in-suflet-1-297x300.jpg",297,300,true],"medium_large":["https:\/\/www.bio.uaic.ro\/wp-content\/uploads\/2023\/06\/Cu-tristete-si-durere-in-suflet-1-768x777.jpg",768,777,true],"large":["https:\/\/www.bio.uaic.ro\/wp-content\/uploads\/2023\/06\/Cu-tristete-si-durere-in-suflet-1-1012x1024.jpg",1012,1024,true],"1536x1536":["https:\/\/www.bio.uaic.ro\/wp-content\/uploads\/2023\/06\/Cu-tristete-si-durere-in-suflet-1.jpg",1390,1406,false],"2048x2048":["https:\/\/www.bio.uaic.ro\/wp-content\/uploads\/2023\/06\/Cu-tristete-si-durere-in-suflet-1.jpg",1390,1406,false],"post-thumbnail":["https:\/\/www.bio.uaic.ro\/wp-content\/uploads\/2023\/06\/Cu-tristete-si-durere-in-suflet-1-1024x1036.jpg",1024,1036,true],"mesmerize-full-hd":["https:\/\/www.bio.uaic.ro\/wp-content\/uploads\/2023\/06\/Cu-tristete-si-durere-in-suflet-1-1068x1080.jpg",1068,1080,true]},"uagb_author_info":{"display_name":"admin","author_link":"https:\/\/www.bio.uaic.ro\/?author=1"},"uagb_comment_info":0,"uagb_excerpt":"Luni, 26 iunie 2023, la ora 12.00, Mihaela, colega noastr\u0103 drag\u0103, va fi depus\u0103 la Cimitirul Eternitatea.\u00cenmorm\u00e2ntarea va avea loc mar\u021bi, 27 iunie 2023, ora 14.00. Dumnezeu s\u0103 a\u0219eze sufletul t\u0103u special \u00een Lumin\u0103\u00a0\u0219i\u00a0Armonie!","_links":{"self":[{"href":"https:\/\/www.bio.uaic.ro\/index.php?rest_route=\/wp\/v2\/posts\/16426","targetHints":{"allow":["GET"]}}],"collection":[{"href":"https:\/\/www.bio.uaic.ro\/index.php?rest_route=\/wp\/v2\/posts"}],"about":[{"href":"https:\/\/www.bio.uaic.ro\/index.php?rest_route=\/wp\/v2\/types\/post"}],"author":[{"embeddable":true,"href":"https:\/\/www.bio.uaic.ro\/index.php?rest_route=\/wp\/v2\/users\/1"}],"replies":[{"embeddable":true,"href":"https:\/\/www.bio.uaic.ro\/index.php?rest_route=%2Fwp%2Fv2%2Fcomments&post=16426"}],"version-history":[{"count":17,"href":"https:\/\/www.bio.uaic.ro\/index.php?rest_route=\/wp\/v2\/posts\/16426\/revisions"}],"predecessor-version":[{"id":16465,"href":"https:\/\/www.bio.uaic.ro\/index.php?rest_route=\/wp\/v2\/posts\/16426\/revisions\/16465"}],"wp:featuredmedia":[{"embeddable":true,"href":"https:\/\/www.bio.uaic.ro\/index.php?rest_route=\/wp\/v2\/media\/16433"}],"wp:attachment":[{"href":"https:\/\/www.bio.uaic.ro\/index.php?rest_route=%2Fwp%2Fv2%2Fmedia&parent=16426"}],"wp:term":[{"taxonomy":"category","embeddable":true,"href":"https:\/\/www.bio.uaic.ro\/index.php?rest_route=%2Fwp%2Fv2%2Fcategories&post=16426"},{"taxonomy":"post_tag","embeddable":true,"href":"https:\/\/www.bio.uaic.ro\/index.php?rest_route=%2Fwp%2Fv2%2Ftags&post=16426"}],"curies":[{"name":"wp","href":"https:\/\/api.w.org\/{rel}","templated":true}]}}