{"id":14026,"date":"2022-08-02T12:23:27","date_gmt":"2022-08-02T09:23:27","guid":{"rendered":"https:\/\/www.bio.uaic.ro\/?p=14026"},"modified":"2024-04-25T10:55:11","modified_gmt":"2024-04-25T07:55:11","slug":"sustinere-teza-in-sedinta-publica-viciriuc-ioana-madalina","status":"publish","type":"post","link":"https:\/\/www.bio.uaic.ro\/?p=14026","title":{"rendered":"Sus\u021binere tez\u0103 \u00een \u0219edin\u021b\u0103 public\u0103 &#8211; VICIRIUC IONELA M\u0102D\u0102LINA"},"content":{"rendered":"<p class=\" has-ek-typography\" style=\"\">La data de <strong>15 SEPTEMBRIE 2022,<\/strong> orele <strong>10,00<\/strong>, \u00een sala \u00a0<strong>B-339 <\/strong>(corp B, parter), doamna <strong>VICIRIUC V. IONELA &#8211; M\u0102D\u0102LINA<\/strong> va sus\u0163ine, \u00een \u015fedin\u0163\u0103 public\u0103, teza de doctorat cu titlul <strong>\u201eTAXONOMIA INTEGRATOARE A SPECIILOR TORYMUS DALMAN \u015eI ORMYRUS WESTWOOD (HYMENOPTERA: TORYMIDAE, ORMYRIDAE) ASOCIATE CU CINIPIDE GALIGENE (HYMENOPTERA: CYNIPIDAE)\u201d<\/strong>, \u00een vederea ob\u0163inerii titlului \u015ftiin\u0163ific de doctor \u00een domeniul <strong>BIOLOGIE<\/strong>.<\/p>\n\n<ul class=\"is-style-default wp-block-list has-ek-typography\" style=\"\"><li class=\" has-ek-typography\" style=\"\">Anun\u021b sus\u021binere <a aria-label=\"[\u00bb] (opens in a new tab)\" href=\"http:\/\/cercetare.bio.uaic.ro\/doctorat\/sustineri\/2022\/VICIRIUC%20IOANA%20MADALINA\/SUSTINERE_PUBLICA_2022-09-15_ANUNT.pdf\" class=\"mtli_attachment mtli_pdf\" target=\"_blank\" rel=\"noreferrer noopener\" class=\"ek-link\">[\u00bb]<\/a><\/li>\n\n\n<li>CV <a aria-label=\"[\u00bb] (opens in a new tab)\" href=\"http:\/\/cercetare.bio.uaic.ro\/doctorat\/sustineri\/2022\/VICIRIUC%20IOANA%20MADALINA\/SUSTINERE_PUBLICA_2022-09-15_DOC_CV.pdf\" class=\"mtli_attachment mtli_pdf\" target=\"_blank\" rel=\"noreferrer noopener\" class=\"ek-link\">[\u00bb]<\/a> \u0219i list\u0103 lucr\u0103ri <a aria-label=\"[\u00bb] (opens in a new tab)\" href=\"http:\/\/cercetare.bio.uaic.ro\/doctorat\/sustineri\/2022\/VICIRIUC%20IOANA%20MADALINA\/SUSTINERE_PUBLICA_2022-09-15_LISTA_LUCRARI.pdf\" class=\"mtli_attachment mtli_pdf\" target=\"_blank\" rel=\"noreferrer noopener\" class=\"ek-link\">[\u00bb]<\/a>:  <strong>Viciriuc Ionela M\u0103d\u0103lina<\/strong><\/li>\n\n\n\n<li>Comisie-Decizie <a aria-label=\"[\u00bb] (opens in a new tab)\" href=\"http:\/\/cercetare.bio.uaic.ro\/doctorat\/sustineri\/2022\/VICIRIUC%20IOANA%20MADALINA\/SUSTINERE_PUBLICA_2022-09-15_COMISIE_DECIZIE.pdf\" class=\"mtli_attachment mtli_pdf\" target=\"_blank\" rel=\"noreferrer noopener\" class=\"ek-link\">[\u00bb]<\/a><\/li>\n\n\n\n<li>Prof. univ. dr. habil. BEJENARU LUMINI\u021aA &#8211; Pre\u0219edinte <a aria-label=\"[\u00bb] (opens in a new tab)\" href=\"http:\/\/cercetare.bio.uaic.ro\/doctorat\/sustineri\/2022\/VICIRIUC%20IOANA%20MADALINA\/SUSTINERE_PUBLICA_2022-09-15_CV1.pdf\" class=\"mtli_attachment mtli_pdf\" target=\"_blank\" rel=\"noreferrer noopener\" class=\"ek-link\">[\u00bb]<\/a><\/li>\n\n\n\n<li>Conf. univ. dr. MITROIU MIRCEA &#8211; DAN &#8211; Conduc\u0103tor \u0219tiin\u021bific <a aria-label=\"[\u00bb] (opens in a new tab)\" href=\"http:\/\/cercetare.bio.uaic.ro\/doctorat\/sustineri\/2022\/VICIRIUC%20IOANA%20MADALINA\/SUSTINERE_PUBLICA_2022-09-15_CV2.pdf\" class=\"mtli_attachment mtli_pdf\" target=\"_blank\" rel=\"noreferrer noopener\" class=\"ek-link\">[\u00bb]<\/a><\/li>\n\n\n\n<li>Conf. univ. dr. FUSU LUCIAN &#8211; Membru <a aria-label=\"[\u00bb] (opens in a new tab)\" href=\"http:\/\/cercetare.bio.uaic.ro\/doctorat\/sustineri\/2022\/VICIRIUC%20IOANA%20MADALINA\/SUSTINERE_PUBLICA_2022-09-15_CV3.pdf\" class=\"mtli_attachment mtli_pdf\" target=\"_blank\" rel=\"noreferrer noopener\" class=\"ek-link\">[\u00bb]<\/a><\/li>\n\n\n\n<li>Conf. univ. dr. L\u00c1SZL\u00d3 ZOLT\u00c1N &#8211; Membru <a aria-label=\"[\u00bb] (opens in a new tab)\" href=\"http:\/\/cercetare.bio.uaic.ro\/doctorat\/sustineri\/2022\/VICIRIUC%20IOANA%20MADALINA\/SUSTINERE_PUBLICA_2022-09-15_CV4.pdf\" class=\"mtli_attachment mtli_pdf\" target=\"_blank\" rel=\"noreferrer noopener\" class=\"ek-link\">[\u00bb]<\/a><\/li>\n\n\n\n<li>C. S. II dr. IORGU ELENA IULIA &#8211; Membru <a aria-label=\"[\u00bb] (opens in a new tab)\" href=\"http:\/\/cercetare.bio.uaic.ro\/doctorat\/sustineri\/2022\/VICIRIUC%20IOANA%20MADALINA\/SUSTINERE_PUBLICA_2022-09-15_CV5.pdf\" class=\"mtli_attachment mtli_pdf\" target=\"_blank\" rel=\"noreferrer noopener\" class=\"ek-link\">[\u00bb]<\/a><\/li>\n\n\n\n<li>Rezumat tez\u0103 (RO) <a aria-label=\"[\u00bb] (opens in a new tab)\" href=\"http:\/\/cercetare.bio.uaic.ro\/doctorat\/sustineri\/2022\/VICIRIUC%20IOANA%20MADALINA\/SUSTINERE_PUBLICA_2022-09-15_REZUMAT_RO.pdf\" class=\"mtli_attachment mtli_pdf\" target=\"_blank\" rel=\"noreferrer noopener\" class=\"ek-link\">[\u00bb]<\/a><\/li>\n\n\n\n<li>Rezumat tez\u0103 (EN) <a aria-label=\"[\u00bb] (opens in a new tab)\" href=\"http:\/\/cercetare.bio.uaic.ro\/doctorat\/sustineri\/2022\/VICIRIUC%20IOANA%20MADALINA\/SUSTINERE_PUBLICA_2022-09-15_REZUMAT_EN.pdf\" class=\"mtli_attachment mtli_pdf\" target=\"_blank\" rel=\"noreferrer noopener\" class=\"ek-link\">[\u00bb]<\/a><\/li>\n<\/ul>\n\n\n<p class=\"has-text-align-center\"><strong>V\u0103 invit\u0103m s\u0103 participa\u0163i la \u015fedin\u0163a de sus\u0163inere a tezei.<\/strong><\/p>\n\n\n\n<p class=\"has-text-align-center\"><strong>Teza poate fi consultat\u0103 la Biblioteca Facult\u0103\u0163ii de Biologie.<\/strong><\/p>\n\n\n\n<p class=\"has-text-align-center\"><strong>DIRECTOR \u015eCOAL<\/strong><strong>\u0102<\/strong><strong> DOCTORAL\u0102, <\/strong><strong>Prof.univ.dr. habil. Lumini\u0163a BEJENARU<\/strong><\/p>\n","protected":false},"excerpt":{"rendered":"<p>La data de 15 SEPTEMBRIE 2022, orele 10,00, \u00een sala \u00a0B-339 (corp B, parter), doamna VICIRIUC V. IONELA &#8211; M\u0102D\u0102LINA va sus\u0163ine, \u00een \u015fedin\u0163\u0103 public\u0103, teza de doctorat cu titlul \u201eTAXONOMIA INTEGRATOARE A SPECIILOR TORYMUS DALMAN \u015eI ORMYRUS WESTWOOD (HYMENOPTERA: TORYMIDAE, ORMYRIDAE) ASOCIATE CU CINIPIDE GALIGENE (HYMENOPTERA: CYNIPIDAE)\u201d, \u00een vederea ob\u0163inerii titlului \u015ftiin\u0163ific de doctor&hellip; <br \/> <a class=\"read-more\" href=\"https:\/\/www.bio.uaic.ro\/?p=14026\">Cite\u0219te mai mult<\/a><\/p>\n","protected":false},"author":1,"featured_media":6118,"comment_status":"closed","ping_status":"closed","sticky":false,"template":"","format":"standard","meta":{"_editorskit_title_hidden":false,"_editorskit_reading_time":1,"_editorskit_is_block_options_detached":false,"_editorskit_block_options_position":"{}","_editorskit_typography_data":[],"_editorskit_blocks_typography":"","_uag_custom_page_level_css":"","footnotes":""},"categories":[24,23,305],"tags":[],"class_list":["post-14026","post","type-post","status-publish","format-standard","has-post-thumbnail","hentry","category-categorie-toate-anunturile","category-anunturi-sc-doc","category-sustineri-sc-doc"],"featured_image_src":"https:\/\/www.bio.uaic.ro\/wp-content\/uploads\/2021\/05\/scdoc.jpg","author_info":{"display_name":"admin","author_link":"https:\/\/www.bio.uaic.ro\/?author=1"},"uagb_featured_image_src":{"full":["https:\/\/www.bio.uaic.ro\/wp-content\/uploads\/2021\/05\/scdoc.jpg",1280,853,false],"thumbnail":["https:\/\/www.bio.uaic.ro\/wp-content\/uploads\/2021\/05\/scdoc-150x150.jpg",150,150,true],"medium":["https:\/\/www.bio.uaic.ro\/wp-content\/uploads\/2021\/05\/scdoc-300x200.jpg",300,200,true],"medium_large":["https:\/\/www.bio.uaic.ro\/wp-content\/uploads\/2021\/05\/scdoc-768x512.jpg",768,512,true],"large":["https:\/\/www.bio.uaic.ro\/wp-content\/uploads\/2021\/05\/scdoc-1024x682.jpg",1024,682,true],"1536x1536":["https:\/\/www.bio.uaic.ro\/wp-content\/uploads\/2021\/05\/scdoc.jpg",1280,853,false],"2048x2048":["https:\/\/www.bio.uaic.ro\/wp-content\/uploads\/2021\/05\/scdoc.jpg",1280,853,false],"post-thumbnail":["https:\/\/www.bio.uaic.ro\/wp-content\/uploads\/2021\/05\/scdoc-1024x682.jpg",1024,682,true],"mesmerize-full-hd":["https:\/\/www.bio.uaic.ro\/wp-content\/uploads\/2021\/05\/scdoc.jpg",1280,853,false]},"uagb_author_info":{"display_name":"admin","author_link":"https:\/\/www.bio.uaic.ro\/?author=1"},"uagb_comment_info":0,"uagb_excerpt":"La data de 15 SEPTEMBRIE 2022, orele 10,00, \u00een sala \u00a0B-339 (corp B, parter), doamna VICIRIUC V. IONELA &#8211; M\u0102D\u0102LINA va sus\u0163ine, \u00een \u015fedin\u0163\u0103 public\u0103, teza de doctorat cu titlul \u201eTAXONOMIA INTEGRATOARE A SPECIILOR TORYMUS DALMAN \u015eI ORMYRUS WESTWOOD (HYMENOPTERA: TORYMIDAE, ORMYRIDAE) ASOCIATE CU CINIPIDE GALIGENE (HYMENOPTERA: CYNIPIDAE)\u201d, \u00een vederea ob\u0163inerii titlului \u015ftiin\u0163ific de doctor&hellip;&hellip;","_links":{"self":[{"href":"https:\/\/www.bio.uaic.ro\/index.php?rest_route=\/wp\/v2\/posts\/14026","targetHints":{"allow":["GET"]}}],"collection":[{"href":"https:\/\/www.bio.uaic.ro\/index.php?rest_route=\/wp\/v2\/posts"}],"about":[{"href":"https:\/\/www.bio.uaic.ro\/index.php?rest_route=\/wp\/v2\/types\/post"}],"author":[{"embeddable":true,"href":"https:\/\/www.bio.uaic.ro\/index.php?rest_route=\/wp\/v2\/users\/1"}],"replies":[{"embeddable":true,"href":"https:\/\/www.bio.uaic.ro\/index.php?rest_route=%2Fwp%2Fv2%2Fcomments&post=14026"}],"version-history":[{"count":6,"href":"https:\/\/www.bio.uaic.ro\/index.php?rest_route=\/wp\/v2\/posts\/14026\/revisions"}],"predecessor-version":[{"id":19128,"href":"https:\/\/www.bio.uaic.ro\/index.php?rest_route=\/wp\/v2\/posts\/14026\/revisions\/19128"}],"wp:featuredmedia":[{"embeddable":true,"href":"https:\/\/www.bio.uaic.ro\/index.php?rest_route=\/wp\/v2\/media\/6118"}],"wp:attachment":[{"href":"https:\/\/www.bio.uaic.ro\/index.php?rest_route=%2Fwp%2Fv2%2Fmedia&parent=14026"}],"wp:term":[{"taxonomy":"category","embeddable":true,"href":"https:\/\/www.bio.uaic.ro\/index.php?rest_route=%2Fwp%2Fv2%2Fcategories&post=14026"},{"taxonomy":"post_tag","embeddable":true,"href":"https:\/\/www.bio.uaic.ro\/index.php?rest_route=%2Fwp%2Fv2%2Ftags&post=14026"}],"curies":[{"name":"wp","href":"https:\/\/api.w.org\/{rel}","templated":true}]}}