{"id":1338,"date":"2020-04-02T10:30:18","date_gmt":"2020-04-02T07:30:18","guid":{"rendered":"http:\/\/85.122.19.109\/?p=1338"},"modified":"2021-05-05T15:14:52","modified_gmt":"2021-05-05T12:14:52","slug":"universitatea-al-i-cuza-iasi-a-decis-suspendarea-activitatii-didactice-si-a-evenimentelor-in-perioada-13-31-martie-2020","status":"publish","type":"post","link":"https:\/\/www.bio.uaic.ro\/?p=1338","title":{"rendered":"&#8222;Universitatea Alexandru Ioan Cuza&#8221; din Ia\u015fi a decis suspendarea activit\u0103\u021bii didactice \u0219i a evenimentelor \u00een perioada 13 &#8211; 31 martie 2020"},"content":{"rendered":"\n<p>Consiliul de Administra\u021bie al Universit\u0103\u021bii \u201eAlexandru Ioan Cuza\u201d din Ia\u0219i (UAIC) a decis, \u00een \u0219edin\u021ba din data de 12 martie 2020, \u00een urma m\u0103surilor adoptate de Comitetul Na\u021bional pentru Situa\u021bii Speciale de Urgen\u021b\u0103 privind evitarea r\u0103sp\u00e2ndirii infec\u021biei cu COVID-19 (coronavirus), suspendarea activit\u0103\u021bilor didactice fa\u021b\u0103 \u00een fa\u021b\u0103, \u00eencep\u00e2nd de vineri, 13 martie a.c., p\u00e2n\u0103 la data de 31 martie.<\/p>\n\n\n\n<p>Activit\u0103\u021bile didactice se vor desf\u0103\u0219ura \u00een sistem online, iar cele care nu pot fi derulate prin intermediul platformelor online vor fi recuperate ulterior, dup\u0103 un grafic stabilit la nivelul fiec\u0103rei facult\u0103\u021bi.<\/p>\n\n\n\n<p>Au mai fost suspendate activit\u0103\u021bile extracurriculare programate s\u0103 se desf\u0103\u0219oare \u00een cadrul UAIC \u00een perioada stabilit\u0103, care implic\u0103 aglomer\u0103ri de persoane (conferin\u021be, workshop-uri, evenimente culturale etc.), dar \u0219i activitatea cantinelor Universit\u0103\u021bii, a ceain\u0103riei din Gr\u0103dina Botanic\u0103, a cafenelelor (din corp B, Tafrali \u0219i \u201eLa Balen\u0103\u201d).<\/p>\n\n\n\n<p>Consiliul de Administra\u021bie al UAIC a decis \u0219i \u00eenchiderea temporar\u0103 a c\u0103minelor universit\u0103\u021bii. Vor putea r\u0103m\u00e2ne caza\u021bi \u00een continuare studen\u021bii famili\u0219ti, studen\u021bii interna\u021bionali, studen\u021bii proveni\u021bi de la casele de copii \u0219i centre de plasament familial, studen\u021bii care fac dovada c\u0103 lucreaz\u0103, precum \u0219i studen\u021bii doctoranzi.<\/p>\n\n\n\n<p>De asemenea, s-a decis sistarea temporar\u0103 a deplas\u0103rilor angaja\u021bilor \u0219i ale studen\u021bilor \u00een str\u0103in\u0103tate. Pentru a evita situa\u021biile de carantin\u0103\/izolare \u00een \u021b\u0103ri de destina\u021bii sau de tranzit, aceste deplas\u0103ri vor fi reprogramate.<\/p>\n\n\n\n<p>Activit\u0103\u021bile administrative \u0219i de cercetare din cadrul UAIC vor continua s\u0103 se desf\u0103\u0219oare \u00een condi\u021bii normale, \u00eens\u0103 se suspend\u0103 programul cu publicul fa\u021b\u0103 \u00een fa\u021b\u0103.<\/p>\n\n\n\n<p>S-a hot\u0103r\u00e2t \u0219i \u00eenchiderea temporar\u0103 a complexului de sere \u0219i a corpului administrativ din Gr\u0103dina Botanic\u0103, precum \u0219i a Muzeului Universit\u0103\u021bii.<\/p>\n\n\n\n<p>UAIC pune pe primul plan siguran\u021ba studen\u021bilor \u0219i angaja\u021bilor s\u0103i, urm\u00e2nd ca \u00een func\u021bie de evolu\u021bia situa\u021biei \u0219i de deciziile autorit\u0103\u021bilor centrale s\u0103 adopte toate m\u0103surile care se impun.<\/p>\n\n\n\n<p>V\u0103 rug\u0103m s\u0103 accesa\u021bi periodic site-ul Universit\u0103\u021bii, www.uaic.ro, sau pagina de Facebook a institu\u021biei, pentru a v\u0103 informa cu privire la aceast\u0103 situa\u021bie.<\/p>\n\n\n\n<p>CE TREBUIE S\u0102 \u0218TI\u021aI DESPRE NOUL CORONAVIRUS (Covid-19)<\/p>\n\n\n\n<p>15 RECOMAND\u0102RI privind conduita social\u0103 responsabil\u0103 \u00een prevenirea r\u0103sp\u00e2ndirii coronavirus (COVID-19)<\/p>\n","protected":false},"excerpt":{"rendered":"<p>Consiliul de Administra\u021bie al Universit\u0103\u021bii \u201eAlexandru Ioan Cuza\u201d din Ia\u0219i (UAIC) a decis, \u00een \u0219edin\u021ba din data de 12 martie 2020, \u00een urma m\u0103surilor adoptate de Comitetul Na\u021bional pentru Situa\u021bii Speciale de Urgen\u021b\u0103 privind evitarea r\u0103sp\u00e2ndirii infec\u021biei cu COVID-19 (coronavirus), suspendarea activit\u0103\u021bilor didactice fa\u021b\u0103 \u00een fa\u021b\u0103, \u00eencep\u00e2nd de vineri, 13 martie a.c., p\u00e2n\u0103 la data&hellip; <br \/> <a class=\"read-more\" href=\"https:\/\/www.bio.uaic.ro\/?p=1338\">Cite\u0219te mai mult<\/a><\/p>\n","protected":false},"author":1,"featured_media":1339,"comment_status":"open","ping_status":"open","sticky":false,"template":"","format":"standard","meta":{"_editorskit_title_hidden":false,"_editorskit_reading_time":0,"_editorskit_is_block_options_detached":false,"_editorskit_block_options_position":"{}","_editorskit_typography_data":[],"_editorskit_blocks_typography":"","_uag_custom_page_level_css":"","footnotes":""},"categories":[7,24],"tags":[],"class_list":["post-1338","post","type-post","status-publish","format-standard","has-post-thumbnail","hentry","category-anunturi-importante","category-categorie-toate-anunturile"],"featured_image_src":"https:\/\/www.bio.uaic.ro\/wp-content\/uploads\/2020\/04\/CoronaVirusHeader-Final-3.jpg","author_info":{"display_name":"admin","author_link":"https:\/\/www.bio.uaic.ro\/?author=1"},"uagb_featured_image_src":{"full":["https:\/\/www.bio.uaic.ro\/wp-content\/uploads\/2020\/04\/CoronaVirusHeader-Final-3.jpg",1900,800,false],"thumbnail":["https:\/\/www.bio.uaic.ro\/wp-content\/uploads\/2020\/04\/CoronaVirusHeader-Final-3-150x150.jpg",150,150,true],"medium":["https:\/\/www.bio.uaic.ro\/wp-content\/uploads\/2020\/04\/CoronaVirusHeader-Final-3-300x126.jpg",300,126,true],"medium_large":["https:\/\/www.bio.uaic.ro\/wp-content\/uploads\/2020\/04\/CoronaVirusHeader-Final-3-768x323.jpg",768,323,true],"large":["https:\/\/www.bio.uaic.ro\/wp-content\/uploads\/2020\/04\/CoronaVirusHeader-Final-3-1024x431.jpg",1024,431,true],"1536x1536":["https:\/\/www.bio.uaic.ro\/wp-content\/uploads\/2020\/04\/CoronaVirusHeader-Final-3-1536x647.jpg",1536,647,true],"2048x2048":["https:\/\/www.bio.uaic.ro\/wp-content\/uploads\/2020\/04\/CoronaVirusHeader-Final-3.jpg",1900,800,false],"post-thumbnail":["https:\/\/www.bio.uaic.ro\/wp-content\/uploads\/2020\/04\/CoronaVirusHeader-Final-3-1024x431.jpg",1024,431,true],"mesmerize-full-hd":["https:\/\/www.bio.uaic.ro\/wp-content\/uploads\/2020\/04\/CoronaVirusHeader-Final-3.jpg",1900,800,false]},"uagb_author_info":{"display_name":"admin","author_link":"https:\/\/www.bio.uaic.ro\/?author=1"},"uagb_comment_info":0,"uagb_excerpt":"Consiliul de Administra\u021bie al Universit\u0103\u021bii \u201eAlexandru Ioan Cuza\u201d din Ia\u0219i (UAIC) a decis, \u00een \u0219edin\u021ba din data de 12 martie 2020, \u00een urma m\u0103surilor adoptate de Comitetul Na\u021bional pentru Situa\u021bii Speciale de Urgen\u021b\u0103 privind evitarea r\u0103sp\u00e2ndirii infec\u021biei cu COVID-19 (coronavirus), suspendarea activit\u0103\u021bilor didactice fa\u021b\u0103 \u00een fa\u021b\u0103, \u00eencep\u00e2nd de vineri, 13 martie a.c., p\u00e2n\u0103 la data&hellip;&hellip;","_links":{"self":[{"href":"https:\/\/www.bio.uaic.ro\/index.php?rest_route=\/wp\/v2\/posts\/1338","targetHints":{"allow":["GET"]}}],"collection":[{"href":"https:\/\/www.bio.uaic.ro\/index.php?rest_route=\/wp\/v2\/posts"}],"about":[{"href":"https:\/\/www.bio.uaic.ro\/index.php?rest_route=\/wp\/v2\/types\/post"}],"author":[{"embeddable":true,"href":"https:\/\/www.bio.uaic.ro\/index.php?rest_route=\/wp\/v2\/users\/1"}],"replies":[{"embeddable":true,"href":"https:\/\/www.bio.uaic.ro\/index.php?rest_route=%2Fwp%2Fv2%2Fcomments&post=1338"}],"version-history":[{"count":5,"href":"https:\/\/www.bio.uaic.ro\/index.php?rest_route=\/wp\/v2\/posts\/1338\/revisions"}],"predecessor-version":[{"id":16859,"href":"https:\/\/www.bio.uaic.ro\/index.php?rest_route=\/wp\/v2\/posts\/1338\/revisions\/16859"}],"wp:featuredmedia":[{"embeddable":true,"href":"https:\/\/www.bio.uaic.ro\/index.php?rest_route=\/wp\/v2\/media\/1339"}],"wp:attachment":[{"href":"https:\/\/www.bio.uaic.ro\/index.php?rest_route=%2Fwp%2Fv2%2Fmedia&parent=1338"}],"wp:term":[{"taxonomy":"category","embeddable":true,"href":"https:\/\/www.bio.uaic.ro\/index.php?rest_route=%2Fwp%2Fv2%2Fcategories&post=1338"},{"taxonomy":"post_tag","embeddable":true,"href":"https:\/\/www.bio.uaic.ro\/index.php?rest_route=%2Fwp%2Fv2%2Ftags&post=1338"}],"curies":[{"name":"wp","href":"https:\/\/api.w.org\/{rel}","templated":true}]}}