{"id":10517,"date":"2021-12-09T11:37:52","date_gmt":"2021-12-09T09:37:52","guid":{"rendered":"https:\/\/www.bio.uaic.ro\/?p=10517"},"modified":"2021-12-09T15:35:24","modified_gmt":"2021-12-09T13:35:24","slug":"invitatie-colinde-de-craciun","status":"publish","type":"post","link":"https:\/\/www.bio.uaic.ro\/?p=10517","title":{"rendered":"Invita\u021bie colinde de Cr\u0103ciun"},"content":{"rendered":"\n<p class=\"has-text-align-justify\">Dragii no\u0219tri,<br>Magia Cr\u0103ciunului ne aduce din nou \u00eempreun\u0103 la concertul de colinde al Facult\u0103\u021bii de Biologie.<br>V\u0103 a\u0219tept\u0103m, <strong>joi 16 Decembrie, \u00een Amfiteatrul B2 de la orele 17<\/strong> s\u0103 \u00eent\u00e2mpin\u0103m S\u0103rb\u0103torile de iarn\u0103.<\/p>\n\n\n\n<p class=\"has-text-align-justify\">Pentru c\u0103 anul acesta tradi\u021bionalul concert de colinde de la Facultatea noastr\u0103 se desf\u0103\u0219oar\u0103 \u00een condi\u021biile speciale impuse de situa\u021bia pandemic\u0103, v\u0103 rug\u0103m s\u0103 v\u0103 \u00eenregistra\u021bi participarea p\u00e2n\u0103 la data de <strong>14 decembrie<\/strong>, folosind link-ul urm\u0103tor &#8211; <a href=\"https:\/\/forms.office.com\/r\/K3EVyY56Qx\" class=\"ek-link\"><strong>https:\/\/forms.office.com\/r\/K3EVyY56Qx<\/strong><\/a><\/p>\n\n\n\n<p><strong>Pentru diminuarea riscului de infectare dar \u0219i pentru respectarea m\u0103surilor sanitare \u0219i de protec\u021bie recomandate, v\u0103 inform\u0103m c\u0103 accesul \u00een sal\u0103 va fi limitat la num\u0103rul de 70 de locuri.<\/strong><\/p>\n\n\n\n<figure class=\"wp-block-image size-full is-style-editorskit-rounded\"><img loading=\"lazy\" decoding=\"async\" width=\"1575\" height=\"2100\" src=\"https:\/\/www.bio.uaic.ro\/wp-content\/uploads\/2021\/12\/Invitatie-colinde-de-craciun-2021.jpg\" alt=\"\" class=\"wp-image-10519\" srcset=\"https:\/\/www.bio.uaic.ro\/wp-content\/uploads\/2021\/12\/Invitatie-colinde-de-craciun-2021.jpg 1575w, https:\/\/www.bio.uaic.ro\/wp-content\/uploads\/2021\/12\/Invitatie-colinde-de-craciun-2021-225x300.jpg 225w, https:\/\/www.bio.uaic.ro\/wp-content\/uploads\/2021\/12\/Invitatie-colinde-de-craciun-2021-768x1024.jpg 768w, https:\/\/www.bio.uaic.ro\/wp-content\/uploads\/2021\/12\/Invitatie-colinde-de-craciun-2021-1152x1536.jpg 1152w, https:\/\/www.bio.uaic.ro\/wp-content\/uploads\/2021\/12\/Invitatie-colinde-de-craciun-2021-1536x2048.jpg 1536w, https:\/\/www.bio.uaic.ro\/wp-content\/uploads\/2021\/12\/Invitatie-colinde-de-craciun-2021-1024x1365.jpg 1024w, https:\/\/www.bio.uaic.ro\/wp-content\/uploads\/2021\/12\/Invitatie-colinde-de-craciun-2021-810x1080.jpg 810w\" sizes=\"auto, (max-width: 1575px) 100vw, 1575px\" \/><\/figure>\n","protected":false},"excerpt":{"rendered":"<p>Dragii no\u0219tri,Magia Cr\u0103ciunului ne aduce din nou \u00eempreun\u0103 la concertul de colinde al Facult\u0103\u021bii de Biologie.V\u0103 a\u0219tept\u0103m, joi 16 Decembrie, \u00een Amfiteatrul B2 de la orele 17 s\u0103 \u00eent\u00e2mpin\u0103m S\u0103rb\u0103torile de iarn\u0103. Pentru c\u0103 anul acesta tradi\u021bionalul concert de colinde de la Facultatea noastr\u0103 se desf\u0103\u0219oar\u0103 \u00een condi\u021biile speciale impuse de situa\u021bia pandemic\u0103, v\u0103 rug\u0103m&hellip; <br \/> <a class=\"read-more\" href=\"https:\/\/www.bio.uaic.ro\/?p=10517\">Cite\u0219te mai mult<\/a><\/p>\n","protected":false},"author":1,"featured_media":10518,"comment_status":"closed","ping_status":"closed","sticky":false,"template":"","format":"standard","meta":{"_editorskit_title_hidden":false,"_editorskit_reading_time":1,"_editorskit_is_block_options_detached":false,"_editorskit_block_options_position":"{}","_editorskit_typography_data":[],"_editorskit_blocks_typography":"","_uag_custom_page_level_css":"","footnotes":""},"categories":[18,24],"tags":[],"class_list":["post-10517","post","type-post","status-publish","format-standard","has-post-thumbnail","hentry","category-anunturi-evenimente","category-categorie-toate-anunturile"],"featured_image_src":"https:\/\/www.bio.uaic.ro\/wp-content\/uploads\/2021\/12\/sss.jpg","author_info":{"display_name":"admin","author_link":"https:\/\/www.bio.uaic.ro\/?author=1"},"uagb_featured_image_src":{"full":["https:\/\/www.bio.uaic.ro\/wp-content\/uploads\/2021\/12\/sss.jpg",1300,650,false],"thumbnail":["https:\/\/www.bio.uaic.ro\/wp-content\/uploads\/2021\/12\/sss-150x150.jpg",150,150,true],"medium":["https:\/\/www.bio.uaic.ro\/wp-content\/uploads\/2021\/12\/sss-300x150.jpg",300,150,true],"medium_large":["https:\/\/www.bio.uaic.ro\/wp-content\/uploads\/2021\/12\/sss-768x384.jpg",768,384,true],"large":["https:\/\/www.bio.uaic.ro\/wp-content\/uploads\/2021\/12\/sss-1024x512.jpg",1024,512,true],"1536x1536":["https:\/\/www.bio.uaic.ro\/wp-content\/uploads\/2021\/12\/sss.jpg",1300,650,false],"2048x2048":["https:\/\/www.bio.uaic.ro\/wp-content\/uploads\/2021\/12\/sss.jpg",1300,650,false],"post-thumbnail":["https:\/\/www.bio.uaic.ro\/wp-content\/uploads\/2021\/12\/sss-1024x512.jpg",1024,512,true],"mesmerize-full-hd":["https:\/\/www.bio.uaic.ro\/wp-content\/uploads\/2021\/12\/sss.jpg",1300,650,false]},"uagb_author_info":{"display_name":"admin","author_link":"https:\/\/www.bio.uaic.ro\/?author=1"},"uagb_comment_info":0,"uagb_excerpt":"Dragii no\u0219tri,Magia Cr\u0103ciunului ne aduce din nou \u00eempreun\u0103 la concertul de colinde al Facult\u0103\u021bii de Biologie.V\u0103 a\u0219tept\u0103m, joi 16 Decembrie, \u00een Amfiteatrul B2 de la orele 17 s\u0103 \u00eent\u00e2mpin\u0103m S\u0103rb\u0103torile de iarn\u0103. Pentru c\u0103 anul acesta tradi\u021bionalul concert de colinde de la Facultatea noastr\u0103 se desf\u0103\u0219oar\u0103 \u00een condi\u021biile speciale impuse de situa\u021bia pandemic\u0103, v\u0103 rug\u0103m&hellip;&hellip;","_links":{"self":[{"href":"https:\/\/www.bio.uaic.ro\/index.php?rest_route=\/wp\/v2\/posts\/10517","targetHints":{"allow":["GET"]}}],"collection":[{"href":"https:\/\/www.bio.uaic.ro\/index.php?rest_route=\/wp\/v2\/posts"}],"about":[{"href":"https:\/\/www.bio.uaic.ro\/index.php?rest_route=\/wp\/v2\/types\/post"}],"author":[{"embeddable":true,"href":"https:\/\/www.bio.uaic.ro\/index.php?rest_route=\/wp\/v2\/users\/1"}],"replies":[{"embeddable":true,"href":"https:\/\/www.bio.uaic.ro\/index.php?rest_route=%2Fwp%2Fv2%2Fcomments&post=10517"}],"version-history":[{"count":3,"href":"https:\/\/www.bio.uaic.ro\/index.php?rest_route=\/wp\/v2\/posts\/10517\/revisions"}],"predecessor-version":[{"id":10527,"href":"https:\/\/www.bio.uaic.ro\/index.php?rest_route=\/wp\/v2\/posts\/10517\/revisions\/10527"}],"wp:featuredmedia":[{"embeddable":true,"href":"https:\/\/www.bio.uaic.ro\/index.php?rest_route=\/wp\/v2\/media\/10518"}],"wp:attachment":[{"href":"https:\/\/www.bio.uaic.ro\/index.php?rest_route=%2Fwp%2Fv2%2Fmedia&parent=10517"}],"wp:term":[{"taxonomy":"category","embeddable":true,"href":"https:\/\/www.bio.uaic.ro\/index.php?rest_route=%2Fwp%2Fv2%2Fcategories&post=10517"},{"taxonomy":"post_tag","embeddable":true,"href":"https:\/\/www.bio.uaic.ro\/index.php?rest_route=%2Fwp%2Fv2%2Ftags&post=10517"}],"curies":[{"name":"wp","href":"https:\/\/api.w.org\/{rel}","templated":true}]}}